{"id":29094,"date":"2025-05-16T09:36:49","date_gmt":"2025-05-16T06:36:49","guid":{"rendered":"https:\/\/www.egemtv.com\/?p=29094"},"modified":"2025-05-16T09:36:54","modified_gmt":"2025-05-16T06:36:54","slug":"bakan-yardimcisi-yelkenciden-vali-yigitbasina-ziyaret","status":"publish","type":"post","link":"https:\/\/www.egemtv.com\/?p=29094","title":{"rendered":"Bakan Yard\u0131mc\u0131s\u0131 Yelkenci\u2019den Vali Yi\u011fitba\u015f\u0131\u2019na ziyaret"},"content":{"rendered":"<p>Milli E\u011fitim Bakan Yard\u0131mc\u0131s\u0131 Dr. \u00d6mer Faruk Yelkenci, Afyonkarahisar Valisi Do\u00e7. Dr. K\u00fcbra G\u00fcran Yi\u011fitba\u015f\u0131\u2019n\u0131 makam\u0131nda ziyaret etti.<br \/>\n<br \/>Ziyarette, e\u011fitim faaliyetleri ve b\u00f6lgedeki projeler hakk\u0131nda g\u00f6r\u00fc\u015f al\u0131\u015fveri\u015finde bulunulurken, \u0130l Milli E\u011fitim M\u00fcd\u00fcr\u00fc Mira\u00e7 S\u00fcnnetci de haz\u0131r bulundu. Vali Yi\u011fitba\u015f\u0131, Bakan Yard\u0131mc\u0131s\u0131 Yelkenci\u2019yi Afyonkarahisar\u2019da a\u011f\u0131rlamaktan duydu\u011fu memnuniyeti dile getirirken, e\u011fitimde s\u00fcrd\u00fcr\u00fclebilir projelerin \u00f6nemine vurgu yapt\u0131.<br \/><\/p>\n","protected":false},"excerpt":{"rendered":"<p>Milli E\u011fitim Bakan Yard\u0131mc\u0131s\u0131 Dr. \u00d6mer Faruk Yelkenci, Afyonkarahisar Valisi Do\u00e7. Dr. K\u00fcbra G\u00fcran Yi\u011fitba\u015f\u0131\u2019n\u0131 makam\u0131nda ziyaret etti. Ziyarette, e\u011fitim faaliyetleri ve b\u00f6lgedeki projeler hakk\u0131nda g\u00f6r\u00fc\u015f al\u0131\u015fveri\u015finde bulunulurken, \u0130l Milli E\u011fitim M\u00fcd\u00fcr\u00fc Mira\u00e7 S\u00fcnnetci de haz\u0131r bulundu. Vali Yi\u011fitba\u015f\u0131, Bakan Yard\u0131mc\u0131s\u0131 Yelkenci\u2019yi Afyonkarahisar\u2019da a\u011f\u0131rlamaktan duydu\u011fu memnuniyeti dile getirirken, e\u011fitimde s\u00fcrd\u00fcr\u00fclebilir projelerin \u00f6nemine vurgu yapt\u0131.<\/p>\n","protected":false},"author":1,"featured_media":29095,"comment_status":"open","ping_status":"open","sticky":false,"template":"","format":"standard","meta":{"_crdt_document":"","footnotes":""},"categories":[1],"tags":[],"class_list":["post-29094","post","type-post","status-publish","format-standard","has-post-thumbnail","hentry","category-guncel"],"_links":{"self":[{"href":"https:\/\/www.egemtv.com\/index.php?rest_route=\/wp\/v2\/posts\/29094","targetHints":{"allow":["GET"]}}],"collection":[{"href":"https:\/\/www.egemtv.com\/index.php?rest_route=\/wp\/v2\/posts"}],"about":[{"href":"https:\/\/www.egemtv.com\/index.php?rest_route=\/wp\/v2\/types\/post"}],"author":[{"embeddable":true,"href":"https:\/\/www.egemtv.com\/index.php?rest_route=\/wp\/v2\/users\/1"}],"replies":[{"embeddable":true,"href":"https:\/\/www.egemtv.com\/index.php?rest_route=%2Fwp%2Fv2%2Fcomments&post=29094"}],"version-history":[{"count":1,"href":"https:\/\/www.egemtv.com\/index.php?rest_route=\/wp\/v2\/posts\/29094\/revisions"}],"predecessor-version":[{"id":29096,"href":"https:\/\/www.egemtv.com\/index.php?rest_route=\/wp\/v2\/posts\/29094\/revisions\/29096"}],"wp:featuredmedia":[{"embeddable":true,"href":"https:\/\/www.egemtv.com\/index.php?rest_route=\/wp\/v2\/media\/29095"}],"wp:attachment":[{"href":"https:\/\/www.egemtv.com\/index.php?rest_route=%2Fwp%2Fv2%2Fmedia&parent=29094"}],"wp:term":[{"taxonomy":"category","embeddable":true,"href":"https:\/\/www.egemtv.com\/index.php?rest_route=%2Fwp%2Fv2%2Fcategories&post=29094"},{"taxonomy":"post_tag","embeddable":true,"href":"https:\/\/www.egemtv.com\/index.php?rest_route=%2Fwp%2Fv2%2Ftags&post=29094"}],"curies":[{"name":"wp","href":"https:\/\/api.w.org\/{rel}","templated":true}]}}