{"id":29091,"date":"2025-05-16T09:36:45","date_gmt":"2025-05-16T06:36:45","guid":{"rendered":"https:\/\/www.egemtv.com\/?p=29091"},"modified":"2025-05-16T09:36:49","modified_gmt":"2025-05-16T06:36:49","slug":"afyonkarahisar-ogretmen-akademilerinde-guz-ve-bahar-donemi-sona-erdi","status":"publish","type":"post","link":"https:\/\/www.egemtv.com\/?p=29091","title":{"rendered":"Afyonkarahisar \u00d6\u011fretmen Akademileri\u2019nde g\u00fcz ve bahar d\u00f6nemi sona erdi"},"content":{"rendered":"<p>Afyonkarahisar \u00d6\u011fretmen Akademileri\u2019nin g\u00fcz ve bahar d\u00f6nemi, Kamil Miras Anadolu Lisesi \u015eehit Kerim \u00dcye Konferans Salonu\u2019nda d\u00fczenlenen kapan\u0131\u015f program\u0131 ile sona erdi.<br \/>\n<br \/>Programa Vali Do\u00e7. Dr. K\u00fcbra G\u00fcran Yi\u011fitba\u015f\u0131 ve Milli E\u011fitim Bakan Yard\u0131mc\u0131s\u0131 Dr. \u00d6mer Faruk Yelkenci kat\u0131ld\u0131. Edebiyat, m\u00fczik, biyografi ve \u015fehir k\u00fclt\u00fcr\u00fc gibi farkl\u0131 alanlarda d\u00fczenlenen e\u011fitimlerle, \u00f6\u011fretmenlerin mesleki ve k\u00fclt\u00fcrel geli\u015fimlerine katk\u0131 sunan akademiler, g\u00fc\u00e7l\u00fc bir e\u011fitim vizyonunun par\u00e7as\u0131 olarak hayata ge\u00e7irildi. \u00d6\u011fretmen Akademileri, &#8220;T\u00fcrkiye Y\u00fczy\u0131l\u0131&#8221; hedefi do\u011frultusunda, \u00f6\u011fretmenlerin bilgi ve becerilerini art\u0131rarak \u00f6\u011frencilerine daha etkili ve verimli e\u011fitim sunmalar\u0131n\u0131 ama\u00e7l\u0131yor. Kapan\u0131\u015f program\u0131nda konu\u015fan protokol \u00fcyeleri, bu e\u011fitimlerin \u00f6nemine dikkat \u00e7ekti. Vali Do\u00e7. Dr. K\u00fcbra G\u00fcran Yi\u011fitba\u015f\u0131, \u0130l Milli E\u011fitim M\u00fcd\u00fcr\u00fc ba\u015fta olmak \u00fczere program\u0131n hayata ge\u00e7irilmesinde eme\u011fi ge\u00e7en t\u00fcm payda\u015flara te\u015fekk\u00fcr ederek, \u00f6\u011fretmenlerin e\u011fitim yolculu\u011funa destek olmaktan mutluluk duydu\u011funu ifade etti.<br \/><\/p>\n","protected":false},"excerpt":{"rendered":"<p>Afyonkarahisar \u00d6\u011fretmen Akademileri\u2019nin g\u00fcz ve bahar d\u00f6nemi, Kamil Miras Anadolu Lisesi \u015eehit Kerim \u00dcye Konferans Salonu\u2019nda d\u00fczenlenen kapan\u0131\u015f program\u0131 ile sona erdi. Programa Vali Do\u00e7. Dr. K\u00fcbra G\u00fcran Yi\u011fitba\u015f\u0131 ve Milli E\u011fitim Bakan Yard\u0131mc\u0131s\u0131 Dr. \u00d6mer Faruk Yelkenci kat\u0131ld\u0131. Edebiyat, m\u00fczik, biyografi ve \u015fehir k\u00fclt\u00fcr\u00fc gibi farkl\u0131 alanlarda d\u00fczenlenen e\u011fitimlerle, \u00f6\u011fretmenlerin mesleki ve k\u00fclt\u00fcrel geli\u015fimlerine&#8230;<\/p>\n","protected":false},"author":1,"featured_media":29092,"comment_status":"open","ping_status":"open","sticky":false,"template":"","format":"standard","meta":{"_crdt_document":"","footnotes":""},"categories":[1],"tags":[],"class_list":["post-29091","post","type-post","status-publish","format-standard","has-post-thumbnail","hentry","category-guncel"],"_links":{"self":[{"href":"https:\/\/www.egemtv.com\/index.php?rest_route=\/wp\/v2\/posts\/29091","targetHints":{"allow":["GET"]}}],"collection":[{"href":"https:\/\/www.egemtv.com\/index.php?rest_route=\/wp\/v2\/posts"}],"about":[{"href":"https:\/\/www.egemtv.com\/index.php?rest_route=\/wp\/v2\/types\/post"}],"author":[{"embeddable":true,"href":"https:\/\/www.egemtv.com\/index.php?rest_route=\/wp\/v2\/users\/1"}],"replies":[{"embeddable":true,"href":"https:\/\/www.egemtv.com\/index.php?rest_route=%2Fwp%2Fv2%2Fcomments&post=29091"}],"version-history":[{"count":1,"href":"https:\/\/www.egemtv.com\/index.php?rest_route=\/wp\/v2\/posts\/29091\/revisions"}],"predecessor-version":[{"id":29093,"href":"https:\/\/www.egemtv.com\/index.php?rest_route=\/wp\/v2\/posts\/29091\/revisions\/29093"}],"wp:featuredmedia":[{"embeddable":true,"href":"https:\/\/www.egemtv.com\/index.php?rest_route=\/wp\/v2\/media\/29092"}],"wp:attachment":[{"href":"https:\/\/www.egemtv.com\/index.php?rest_route=%2Fwp%2Fv2%2Fmedia&parent=29091"}],"wp:term":[{"taxonomy":"category","embeddable":true,"href":"https:\/\/www.egemtv.com\/index.php?rest_route=%2Fwp%2Fv2%2Fcategories&post=29091"},{"taxonomy":"post_tag","embeddable":true,"href":"https:\/\/www.egemtv.com\/index.php?rest_route=%2Fwp%2Fv2%2Ftags&post=29091"}],"curies":[{"name":"wp","href":"https:\/\/api.w.org\/{rel}","templated":true}]}}