{"id":29088,"date":"2025-05-16T09:36:40","date_gmt":"2025-05-16T06:36:40","guid":{"rendered":"https:\/\/www.egemtv.com\/?p=29088"},"modified":"2025-05-16T09:36:45","modified_gmt":"2025-05-16T06:36:45","slug":"engelli-bireyler-temsili-askerlik-yemini-ile-mehmetcik-oldu","status":"publish","type":"post","link":"https:\/\/www.egemtv.com\/?p=29088","title":{"rendered":"Engelli bireyler, temsili askerlik yemini ile Mehmet\u00e7ik oldu"},"content":{"rendered":"<p>Afyonkarahisar Garnizon Komutanl\u0131\u011f\u0131\u2019nda d\u00fczenlenen \u2019Engelli Bireyler \u0130\u00e7in Temsili Askerlik Yemin T\u00f6reni\u2019 duygusal ve gurur dolu anlara sahne oldu.<br \/>\n<br \/>T\u00f6rene kat\u0131lan Afyonkarahisar Valisi Do\u00e7. Dr. K\u00fcbra G\u00fcran Yi\u011fitba\u015f\u0131, \u015fanl\u0131 T\u00fcrk Silahl\u0131 Kuvvetleri\u2019nin \u00fcniformas\u0131n\u0131 gururla ta\u015f\u0131yan gen\u00e7lerin heyecan\u0131na ortak oldu.<br \/>\n<br \/>T\u00f6rende engelli bireyler, T\u00fcrk Silahl\u0131 Kuvvetleri\u2019nin \u015ferefli \u00fcniformas\u0131n\u0131 giyerek yemin ettiler. Vatan sevgisi, karde\u015flik ve aidiyet duygusunun en anlaml\u0131 ifadesi olan bu yemin t\u00f6reninde aileler de \u00e7ocuklar\u0131n\u0131n gururunu payla\u015ft\u0131.<br \/>\n<br \/>T\u00f6ren sonras\u0131nda bir konu\u015fma yapan Vali Yi\u011fitba\u015f\u0131, program\u0131n haz\u0131rlanmas\u0131nda eme\u011fi ge\u00e7en birlik komutanlar\u0131na te\u015fekk\u00fcr ederek, gen\u00e7lerin Mehmet\u00e7ik olma onurunu ya\u015famalar\u0131n\u0131n kendileri i\u00e7in b\u00fcy\u00fck bir mutluluk kayna\u011f\u0131 oldu\u011funu belirtti.<br \/>\n<br \/>T\u00f6ren alan\u0131nda aileler, \u00e7ocuklar\u0131n\u0131n bu anlaml\u0131 deneyimini g\u00f6zya\u015flar\u0131 ve gururla izledi. Temsili askerlik, engelli bireyler i\u00e7in unutulmaz bir an\u0131 olarak haf\u0131zalara kaz\u0131nd\u0131.<br \/><\/p>\n","protected":false},"excerpt":{"rendered":"<p>Afyonkarahisar Garnizon Komutanl\u0131\u011f\u0131\u2019nda d\u00fczenlenen \u2019Engelli Bireyler \u0130\u00e7in Temsili Askerlik Yemin T\u00f6reni\u2019 duygusal ve gurur dolu anlara sahne oldu. T\u00f6rene kat\u0131lan Afyonkarahisar Valisi Do\u00e7. Dr. K\u00fcbra G\u00fcran Yi\u011fitba\u015f\u0131, \u015fanl\u0131 T\u00fcrk Silahl\u0131 Kuvvetleri\u2019nin \u00fcniformas\u0131n\u0131 gururla ta\u015f\u0131yan gen\u00e7lerin heyecan\u0131na ortak oldu. T\u00f6rende engelli bireyler, T\u00fcrk Silahl\u0131 Kuvvetleri\u2019nin \u015ferefli \u00fcniformas\u0131n\u0131 giyerek yemin ettiler. Vatan sevgisi, karde\u015flik ve aidiyet duygusunun&#8230;<\/p>\n","protected":false},"author":1,"featured_media":29089,"comment_status":"open","ping_status":"open","sticky":false,"template":"","format":"standard","meta":{"_crdt_document":"","footnotes":""},"categories":[1],"tags":[],"class_list":["post-29088","post","type-post","status-publish","format-standard","has-post-thumbnail","hentry","category-guncel"],"_links":{"self":[{"href":"https:\/\/www.egemtv.com\/index.php?rest_route=\/wp\/v2\/posts\/29088","targetHints":{"allow":["GET"]}}],"collection":[{"href":"https:\/\/www.egemtv.com\/index.php?rest_route=\/wp\/v2\/posts"}],"about":[{"href":"https:\/\/www.egemtv.com\/index.php?rest_route=\/wp\/v2\/types\/post"}],"author":[{"embeddable":true,"href":"https:\/\/www.egemtv.com\/index.php?rest_route=\/wp\/v2\/users\/1"}],"replies":[{"embeddable":true,"href":"https:\/\/www.egemtv.com\/index.php?rest_route=%2Fwp%2Fv2%2Fcomments&post=29088"}],"version-history":[{"count":1,"href":"https:\/\/www.egemtv.com\/index.php?rest_route=\/wp\/v2\/posts\/29088\/revisions"}],"predecessor-version":[{"id":29090,"href":"https:\/\/www.egemtv.com\/index.php?rest_route=\/wp\/v2\/posts\/29088\/revisions\/29090"}],"wp:featuredmedia":[{"embeddable":true,"href":"https:\/\/www.egemtv.com\/index.php?rest_route=\/wp\/v2\/media\/29089"}],"wp:attachment":[{"href":"https:\/\/www.egemtv.com\/index.php?rest_route=%2Fwp%2Fv2%2Fmedia&parent=29088"}],"wp:term":[{"taxonomy":"category","embeddable":true,"href":"https:\/\/www.egemtv.com\/index.php?rest_route=%2Fwp%2Fv2%2Fcategories&post=29088"},{"taxonomy":"post_tag","embeddable":true,"href":"https:\/\/www.egemtv.com\/index.php?rest_route=%2Fwp%2Fv2%2Ftags&post=29088"}],"curies":[{"name":"wp","href":"https:\/\/api.w.org\/{rel}","templated":true}]}}