{"id":29085,"date":"2025-05-16T09:16:57","date_gmt":"2025-05-16T06:16:57","guid":{"rendered":"https:\/\/www.egemtv.com\/?p=29085"},"modified":"2025-05-16T09:17:07","modified_gmt":"2025-05-16T06:17:07","slug":"denizlili-is-adamlari-kktc-ile-ticari-gorusmelere-basladi","status":"publish","type":"post","link":"https:\/\/www.egemtv.com\/?p=29085","title":{"rendered":"Denizlili i\u015f adamlar\u0131, KKTC ile ticari g\u00f6r\u00fc\u015fmelere ba\u015flad\u0131"},"content":{"rendered":"<p>Denizli Esnaf ve Sanatkarlar Odalar\u0131 Birli\u011fi Ba\u015fkan\u0131 Mehmet Ali Erbe\u011fi KKTC Cumhurba\u015fkan\u0131 Ersin Tatar\u2019\u0131 Denizlili i\u015f adamlar\u0131 ile ziyaret etti. Heyetler aras\u0131 ticari g\u00f6r\u00fc\u015fmelerin ba\u015fland\u0131\u011f\u0131 belirtildi.<\/p>\n<p>Denizli Esnaf ve Sanatkarlar Odalar\u0131 Birli\u011fi Ba\u015fkan\u0131 Mehmet Ali Erbe\u011fi, Nisan ay\u0131nda ger\u00e7ekle\u015ftirdikleri KKTC ziyareti sonras\u0131 Denizlili i\u015f adamlar\u0131 ile yap\u0131lan g\u00f6r\u00fc\u015fmeler sonras\u0131nda, ticari anla\u015fma yapmak isteyen i\u015f adamlar\u0131 ile birlikte Kuzey K\u0131br\u0131s T\u00fcrkiye Cumhuriyeti Cumhurba\u015fkan\u0131 Ersin Tatar\u2019\u0131 Cumhurba\u015fkanl\u0131\u011f\u0131 makam\u0131nda ziyaret etti.<\/p>\n<p>Ziyaretlerin meyvesini almaya ba\u015flad\u0131klar\u0131n\u0131 ve kar\u015f\u0131l\u0131kl\u0131 olarak ticari g\u00f6r\u00fc\u015fmelerinde ba\u015flad\u0131\u011f\u0131n\u0131 belirten  Denizli Esnaf ve Sanatkarlar Odalar\u0131 Birli\u011fi Ba\u015fkan\u0131 Mehmet Ali Erbe\u011fi, &#8220;Kuzey K\u0131br\u0131s T\u00fcrkiye Cumhuriyeti Cumhurba\u015fkan\u0131 Ersin Tatar\u2019\u0131 ilimizin \u00f6nemli sivil toplum \u00f6rg\u00fct\u00fc olan AYS\u0130AD arac\u0131l\u0131\u011f\u0131 yapt\u0131\u011f\u0131 Denizli ziyareti sonras\u0131 bizlerde oda ba\u015fkanlar\u0131m\u0131z ile birlikte Nisan ay\u0131nda K\u0131br\u0131s ziyaretinde bulunup isti\u015fare toplant\u0131lar\u0131 d\u00fczenlemi\u015ftik. Kuzey K\u0131br\u0131s T\u00fcrkiye Cumhuriyeti Cumhurba\u015fkan\u0131 Ersin Tatar\u2019\u0131n kat\u0131l\u0131m\u0131 ile ger\u00e7ekle\u015fen toplant\u0131lar\u0131m\u0131zda kar\u015f\u0131l\u0131kl\u0131 olarak hangi sekt\u00f6rlerde yat\u0131r\u0131m ve ticari ili\u015fkiler kuraca\u011f\u0131m\u0131z\u0131 belirleyen toplant\u0131lar yapm\u0131\u015ft\u0131k. Denizli\u2019de i\u015f adamlar\u0131m\u0131z ile yapt\u0131\u011f\u0131m\u0131z g\u00f6r\u00fc\u015fmeler ve toplant\u0131lar sonras\u0131nda bu sefer yat\u0131r\u0131mc\u0131 ve ticari anla\u015fma yapmak isteyen esnaflar\u0131m\u0131z ile birlikte tekrar Kuzey K\u0131br\u0131s T\u00fcrkiye Cumhuriyeti Cumhurba\u015fkan\u0131 Ersin Tatar\u2019\u0131 makam\u0131nda ziyaret ettik. Kuzey K\u0131br\u0131s T\u00fcrkiye Cumhuriyeti i\u015f d\u00fcnyas\u0131 ile bir araya gelen Denizlili i\u015f adamlar\u0131m\u0131z bir\u00e7ok sekt\u00f6rde anla\u015fma yapmak ad\u0131na bir araya geldi. Bu ziyaretlerimizin meyvesini almak ve yavru vatan\u0131m\u0131z K\u0131br\u0131s ile ticari ili\u015fkilerimizin artmas\u0131na vesile olmak bizler i\u00e7in gurur verici. Denizli\u2019mize ve Denizli esnaflar\u0131m\u0131za hay\u0131rl\u0131 olmas\u0131n\u0131 diliyorum&#8221; dedi.<\/p>\n<p>Toplant\u0131larda DESOB Ba\u015fkanvekili Osman \u00dc\u00e7g\u00fcl, Denizli sekt\u00f6rleri ve Kuzey K\u0131br\u0131s T\u00fcrkiye Cumhuriyeti\u2019ne y\u00f6nelik olarak yap\u0131lacak ticari anla\u015fmalara y\u00f6nelik haz\u0131rlad\u0131klar\u0131 raporlar\u0131 Cumhurba\u015fkan\u0131 Ersin Tatar\u2019a sundu.<br \/><\/p>\n","protected":false},"excerpt":{"rendered":"<p>Denizli Esnaf ve Sanatkarlar Odalar\u0131 Birli\u011fi Ba\u015fkan\u0131 Mehmet Ali Erbe\u011fi KKTC Cumhurba\u015fkan\u0131 Ersin Tatar\u2019\u0131 Denizlili i\u015f adamlar\u0131 ile ziyaret etti. Heyetler aras\u0131 ticari g\u00f6r\u00fc\u015fmelerin ba\u015fland\u0131\u011f\u0131 belirtildi. Denizli Esnaf ve Sanatkarlar Odalar\u0131 Birli\u011fi Ba\u015fkan\u0131 Mehmet Ali Erbe\u011fi, Nisan ay\u0131nda ger\u00e7ekle\u015ftirdikleri KKTC ziyareti sonras\u0131 Denizlili i\u015f adamlar\u0131 ile yap\u0131lan g\u00f6r\u00fc\u015fmeler sonras\u0131nda, ticari anla\u015fma yapmak isteyen i\u015f adamlar\u0131&#8230;<\/p>\n","protected":false},"author":1,"featured_media":29086,"comment_status":"open","ping_status":"open","sticky":false,"template":"","format":"standard","meta":{"_crdt_document":"","footnotes":""},"categories":[125],"tags":[],"class_list":["post-29085","post","type-post","status-publish","format-standard","has-post-thumbnail","hentry","category-ekonomi"],"_links":{"self":[{"href":"https:\/\/www.egemtv.com\/index.php?rest_route=\/wp\/v2\/posts\/29085","targetHints":{"allow":["GET"]}}],"collection":[{"href":"https:\/\/www.egemtv.com\/index.php?rest_route=\/wp\/v2\/posts"}],"about":[{"href":"https:\/\/www.egemtv.com\/index.php?rest_route=\/wp\/v2\/types\/post"}],"author":[{"embeddable":true,"href":"https:\/\/www.egemtv.com\/index.php?rest_route=\/wp\/v2\/users\/1"}],"replies":[{"embeddable":true,"href":"https:\/\/www.egemtv.com\/index.php?rest_route=%2Fwp%2Fv2%2Fcomments&post=29085"}],"version-history":[{"count":1,"href":"https:\/\/www.egemtv.com\/index.php?rest_route=\/wp\/v2\/posts\/29085\/revisions"}],"predecessor-version":[{"id":29087,"href":"https:\/\/www.egemtv.com\/index.php?rest_route=\/wp\/v2\/posts\/29085\/revisions\/29087"}],"wp:featuredmedia":[{"embeddable":true,"href":"https:\/\/www.egemtv.com\/index.php?rest_route=\/wp\/v2\/media\/29086"}],"wp:attachment":[{"href":"https:\/\/www.egemtv.com\/index.php?rest_route=%2Fwp%2Fv2%2Fmedia&parent=29085"}],"wp:term":[{"taxonomy":"category","embeddable":true,"href":"https:\/\/www.egemtv.com\/index.php?rest_route=%2Fwp%2Fv2%2Fcategories&post=29085"},{"taxonomy":"post_tag","embeddable":true,"href":"https:\/\/www.egemtv.com\/index.php?rest_route=%2Fwp%2Fv2%2Ftags&post=29085"}],"curies":[{"name":"wp","href":"https:\/\/api.w.org\/{rel}","templated":true}]}}