{"id":29082,"date":"2025-05-16T09:16:55","date_gmt":"2025-05-16T06:16:55","guid":{"rendered":"https:\/\/www.egemtv.com\/?p=29082"},"modified":"2025-05-16T09:16:57","modified_gmt":"2025-05-16T06:16:57","slug":"usak-valiliginden-kuvvetli-ruzgar-ve-firtina-uyarisi","status":"publish","type":"post","link":"https:\/\/www.egemtv.com\/?p=29082","title":{"rendered":"U\u015fak Valili\u011finden kuvvetli r\u00fczgar ve f\u0131rt\u0131na uyar\u0131s\u0131"},"content":{"rendered":"<p>U\u015fak Valili\u011fi 16 May\u0131s g\u00fcn\u00fc il genelinde beklenen kuvvetli r\u00fczgar ve f\u0131rt\u0131nayla ilgili vatanda\u015flar\u0131 uyard\u0131.<br \/>\n<br \/>U\u015fak Valili\u011fince sosyal medya \u00fczerinden yap\u0131lan payla\u015f\u0131mda 16 May\u0131s g\u00fcn\u00fc il genelinde beklenen kuvvetli r\u00fczgar ve f\u0131rt\u0131nayla ilgili vatanda\u015flar\u0131 ula\u015f\u0131mda aksamalar, toz savrulmas\u0131, a\u011fa\u00e7 ve direk devrilmesi ve \u00e7at\u0131 u\u00e7mas\u0131, kar\u015f\u0131 dikkatli olunmas\u0131 kar\u015f\u0131 vatanda\u015flara uyar\u0131 metni yay\u0131mlad\u0131.<br \/>\n<br \/>U\u015fak Valili\u011fince yay\u0131mlanan a\u00e7\u0131klamada ise; &#8220;Yap\u0131lan son de\u011ferlendirmelere g\u00f6re 16.05.2025 Cuma g\u00fcn\u00fc \u00f6\u011fle saatlerinden itibaren b\u00f6lgemizde (Afyonkarahisar, U\u015fak ve Denizli), g\u00fcney ve g\u00fcneydo\u011fu y\u00f6nlerden kuvvetli r\u00fczgar ve f\u0131rt\u0131nan\u0131n (50-80 km\/saat) etkili olmas\u0131 beklendi\u011finden ula\u015f\u0131mda aksamalar, \u00e7at\u0131 u\u00e7mas\u0131, a\u011fa\u00e7 devrilmesi, toz savrulmas\u0131 gibi olumsuzluklara kar\u015f\u0131 dikkatli ve tedbirli olunmal\u0131d\u0131r.&#8221; ifadeleri kullan\u0131ld\u0131.<br \/><\/p>\n","protected":false},"excerpt":{"rendered":"<p>U\u015fak Valili\u011fi 16 May\u0131s g\u00fcn\u00fc il genelinde beklenen kuvvetli r\u00fczgar ve f\u0131rt\u0131nayla ilgili vatanda\u015flar\u0131 uyard\u0131. U\u015fak Valili\u011fince sosyal medya \u00fczerinden yap\u0131lan payla\u015f\u0131mda 16 May\u0131s g\u00fcn\u00fc il genelinde beklenen kuvvetli r\u00fczgar ve f\u0131rt\u0131nayla ilgili vatanda\u015flar\u0131 ula\u015f\u0131mda aksamalar, toz savrulmas\u0131, a\u011fa\u00e7 ve direk devrilmesi ve \u00e7at\u0131 u\u00e7mas\u0131, kar\u015f\u0131 dikkatli olunmas\u0131 kar\u015f\u0131 vatanda\u015flara uyar\u0131 metni yay\u0131mlad\u0131. U\u015fak Valili\u011fince&#8230;<\/p>\n","protected":false},"author":1,"featured_media":29083,"comment_status":"open","ping_status":"open","sticky":false,"template":"","format":"standard","meta":{"_crdt_document":"","footnotes":""},"categories":[1],"tags":[],"class_list":["post-29082","post","type-post","status-publish","format-standard","has-post-thumbnail","hentry","category-guncel"],"_links":{"self":[{"href":"https:\/\/www.egemtv.com\/index.php?rest_route=\/wp\/v2\/posts\/29082","targetHints":{"allow":["GET"]}}],"collection":[{"href":"https:\/\/www.egemtv.com\/index.php?rest_route=\/wp\/v2\/posts"}],"about":[{"href":"https:\/\/www.egemtv.com\/index.php?rest_route=\/wp\/v2\/types\/post"}],"author":[{"embeddable":true,"href":"https:\/\/www.egemtv.com\/index.php?rest_route=\/wp\/v2\/users\/1"}],"replies":[{"embeddable":true,"href":"https:\/\/www.egemtv.com\/index.php?rest_route=%2Fwp%2Fv2%2Fcomments&post=29082"}],"version-history":[{"count":1,"href":"https:\/\/www.egemtv.com\/index.php?rest_route=\/wp\/v2\/posts\/29082\/revisions"}],"predecessor-version":[{"id":29084,"href":"https:\/\/www.egemtv.com\/index.php?rest_route=\/wp\/v2\/posts\/29082\/revisions\/29084"}],"wp:featuredmedia":[{"embeddable":true,"href":"https:\/\/www.egemtv.com\/index.php?rest_route=\/wp\/v2\/media\/29083"}],"wp:attachment":[{"href":"https:\/\/www.egemtv.com\/index.php?rest_route=%2Fwp%2Fv2%2Fmedia&parent=29082"}],"wp:term":[{"taxonomy":"category","embeddable":true,"href":"https:\/\/www.egemtv.com\/index.php?rest_route=%2Fwp%2Fv2%2Fcategories&post=29082"},{"taxonomy":"post_tag","embeddable":true,"href":"https:\/\/www.egemtv.com\/index.php?rest_route=%2Fwp%2Fv2%2Ftags&post=29082"}],"curies":[{"name":"wp","href":"https:\/\/api.w.org\/{rel}","templated":true}]}}