{"id":29079,"date":"2025-05-16T08:56:05","date_gmt":"2025-05-16T05:56:05","guid":{"rendered":"https:\/\/www.egemtv.com\/?p=29079"},"modified":"2025-05-16T08:56:09","modified_gmt":"2025-05-16T05:56:09","slug":"sarigolde-kaymakamlik-voleybol-kupasi-heyecani-basladi","status":"publish","type":"post","link":"https:\/\/www.egemtv.com\/?p=29079","title":{"rendered":"Sar\u0131g\u00f6l\u2019de Kaymakaml\u0131k Voleybol Kupas\u0131 heyecan\u0131 ba\u015flad\u0131"},"content":{"rendered":"<p>Sar\u0131g\u00f6l \u0130l\u00e7e Milli E\u011fitim M\u00fcd\u00fcrl\u00fc\u011f\u00fc taraf\u0131ndan d\u00fczenlenen Kaymakaml\u0131k Kupas\u0131 Kurumlar ve Mahalleler Aras\u0131 Voleybol Turnuvas\u0131 ba\u015flad\u0131. Turnuvaya il\u00e7eden toplam 20 tak\u0131m kat\u0131ld\u0131\u011f\u0131 \u00f6\u011frenildi.<br \/>\n<br \/>Kaymakamk\u0131k Voleybol Turnuvas\u0131 m\u00fcsabakalar\u0131n\u0131n Sar\u0131g\u00f6l \u0130l\u00e7e Gen\u00e7lik ve Spor M\u00fcd\u00fcrl\u00fc\u011f\u00fc Kapal\u0131 Spor Salonu\u2019nda ger\u00e7ekle\u015ftirilece\u011fi a\u00e7\u0131klan\u0131rken, tak\u0131mlar\u0131n d\u00f6rt gruba ayr\u0131ld\u0131\u011f\u0131, grup ma\u00e7lar\u0131n\u0131n ard\u0131ndan ilk iki s\u0131ray\u0131 alan ekiplerin yar\u0131 finale y\u00fckselme hakk\u0131 elde edece\u011fi bildirildi. Kaymakam Dalak\u2019\u0131n da Kaymakaml\u0131k tak\u0131m\u0131nda m\u00fccadele etti\u011fi ve ilk ma\u00e7lar\u0131n\u0131 2-0 kazand\u0131klar\u0131 \u00f6\u011frenildi.<br \/>\n<br \/>Sar\u0131g\u00f6l \u0130l\u00e7e Milli E\u011fitim M\u00fcd\u00fcr\u00fc Cezmi Y\u0131ld\u0131rak, turnuvayla ilgili yapt\u0131\u011f\u0131 a\u00e7\u0131klamada, &#8220;Kaymakaml\u0131k Kupas\u0131 Voleybol Turnuvas\u0131 bir ay boyunca s\u00fcrecek. \u0130l\u00e7emiz adeta voleybola doyacak. Gen\u00e7lerimiz aras\u0131nda birlik ve dayan\u0131\u015fmay\u0131 art\u0131rmak, bo\u015f zamanlar\u0131n\u0131 sporla de\u011ferlendirmelerini sa\u011flamak en temel amac\u0131m\u0131zd\u0131r.&#8221; dedi.<br \/>\n<br \/>Turnuva sonunda dereceye giren ilk \u00fc\u00e7 tak\u0131ma kupalar\u0131, Sar\u0131g\u00f6l Kaymakam\u0131 Halil Dalak taraf\u0131ndan takdim edilecek.<br \/><\/p>\n","protected":false},"excerpt":{"rendered":"<p>Sar\u0131g\u00f6l \u0130l\u00e7e Milli E\u011fitim M\u00fcd\u00fcrl\u00fc\u011f\u00fc taraf\u0131ndan d\u00fczenlenen Kaymakaml\u0131k Kupas\u0131 Kurumlar ve Mahalleler Aras\u0131 Voleybol Turnuvas\u0131 ba\u015flad\u0131. Turnuvaya il\u00e7eden toplam 20 tak\u0131m kat\u0131ld\u0131\u011f\u0131 \u00f6\u011frenildi. Kaymakamk\u0131k Voleybol Turnuvas\u0131 m\u00fcsabakalar\u0131n\u0131n Sar\u0131g\u00f6l \u0130l\u00e7e Gen\u00e7lik ve Spor M\u00fcd\u00fcrl\u00fc\u011f\u00fc Kapal\u0131 Spor Salonu\u2019nda ger\u00e7ekle\u015ftirilece\u011fi a\u00e7\u0131klan\u0131rken, tak\u0131mlar\u0131n d\u00f6rt gruba ayr\u0131ld\u0131\u011f\u0131, grup ma\u00e7lar\u0131n\u0131n ard\u0131ndan ilk iki s\u0131ray\u0131 alan ekiplerin yar\u0131 finale y\u00fckselme hakk\u0131 elde&#8230;<\/p>\n","protected":false},"author":1,"featured_media":29080,"comment_status":"open","ping_status":"open","sticky":false,"template":"","format":"standard","meta":{"_crdt_document":"","footnotes":""},"categories":[4],"tags":[],"class_list":["post-29079","post","type-post","status-publish","format-standard","has-post-thumbnail","hentry","category-spor"],"_links":{"self":[{"href":"https:\/\/www.egemtv.com\/index.php?rest_route=\/wp\/v2\/posts\/29079","targetHints":{"allow":["GET"]}}],"collection":[{"href":"https:\/\/www.egemtv.com\/index.php?rest_route=\/wp\/v2\/posts"}],"about":[{"href":"https:\/\/www.egemtv.com\/index.php?rest_route=\/wp\/v2\/types\/post"}],"author":[{"embeddable":true,"href":"https:\/\/www.egemtv.com\/index.php?rest_route=\/wp\/v2\/users\/1"}],"replies":[{"embeddable":true,"href":"https:\/\/www.egemtv.com\/index.php?rest_route=%2Fwp%2Fv2%2Fcomments&post=29079"}],"version-history":[{"count":1,"href":"https:\/\/www.egemtv.com\/index.php?rest_route=\/wp\/v2\/posts\/29079\/revisions"}],"predecessor-version":[{"id":29081,"href":"https:\/\/www.egemtv.com\/index.php?rest_route=\/wp\/v2\/posts\/29079\/revisions\/29081"}],"wp:featuredmedia":[{"embeddable":true,"href":"https:\/\/www.egemtv.com\/index.php?rest_route=\/wp\/v2\/media\/29080"}],"wp:attachment":[{"href":"https:\/\/www.egemtv.com\/index.php?rest_route=%2Fwp%2Fv2%2Fmedia&parent=29079"}],"wp:term":[{"taxonomy":"category","embeddable":true,"href":"https:\/\/www.egemtv.com\/index.php?rest_route=%2Fwp%2Fv2%2Fcategories&post=29079"},{"taxonomy":"post_tag","embeddable":true,"href":"https:\/\/www.egemtv.com\/index.php?rest_route=%2Fwp%2Fv2%2Ftags&post=29079"}],"curies":[{"name":"wp","href":"https:\/\/api.w.org\/{rel}","templated":true}]}}