{"id":29076,"date":"2025-05-16T08:56:00","date_gmt":"2025-05-16T05:56:00","guid":{"rendered":"https:\/\/www.egemtv.com\/?p=29076"},"modified":"2025-05-16T08:56:05","modified_gmt":"2025-05-16T05:56:05","slug":"jandarmadan-uyusturucuya-gecit-yok","status":"publish","type":"post","link":"https:\/\/www.egemtv.com\/?p=29076","title":{"rendered":"Jandarmadan uyu\u015fturucuya ge\u00e7it yok"},"content":{"rendered":"<p>Manisa\u2019n\u0131n \u015eehzadeler il\u00e7esinde jandarma ekiplerince d\u00fczenlenen operasyonda, bir i\u015fyerinde yap\u0131lan aramada bin 637 adet sentetik hap ele ge\u00e7irildi. Olayla ilgili 1 \u015f\u00fcpheli g\u00f6zalt\u0131na al\u0131nd\u0131.<br \/>\n<br \/>Edinilen bilgiye g\u00f6re, Manisa \u0130l Jandarma Komutanl\u0131\u011f\u0131na ba\u011fl\u0131 \u015eehzadeler \u0130l\u00e7e Jandarma Komutanl\u0131\u011f\u0131 ve \u0130stihbarat \u015eube M\u00fcd\u00fcrl\u00fc\u011f\u00fc ekipleri, uyu\u015fturucu madde ticaretine y\u00f6nelik y\u00fcr\u00fct\u00fclen \u00e7al\u0131\u015fmalar kapsam\u0131nda, M.E.A. (28) isimli \u015fahs\u0131n i\u015fyerine operasyon d\u00fczenledi.<br \/>\n<br \/>15 May\u0131s tarihinde ger\u00e7ekle\u015ftirilen aramada, i\u015fyerinde yap\u0131lan kontrollerde toplam 1.637 adet sentetik hap ele ge\u00e7irildi.<br \/>\n<br \/>Uyu\u015fturucu maddelere el konulurken, \u015f\u00fcpheli M.E.A. g\u00f6zalt\u0131na al\u0131nd\u0131. \u015e\u00fcphelinin i\u015flemlerinin ard\u0131ndan Manisa Cumhuriyet Ba\u015fsavc\u0131l\u0131\u011f\u0131na sevk edilece\u011fi bildirildi.<br \/><\/p>\n","protected":false},"excerpt":{"rendered":"<p>Manisa\u2019n\u0131n \u015eehzadeler il\u00e7esinde jandarma ekiplerince d\u00fczenlenen operasyonda, bir i\u015fyerinde yap\u0131lan aramada bin 637 adet sentetik hap ele ge\u00e7irildi. Olayla ilgili 1 \u015f\u00fcpheli g\u00f6zalt\u0131na al\u0131nd\u0131. Edinilen bilgiye g\u00f6re, Manisa \u0130l Jandarma Komutanl\u0131\u011f\u0131na ba\u011fl\u0131 \u015eehzadeler \u0130l\u00e7e Jandarma Komutanl\u0131\u011f\u0131 ve \u0130stihbarat \u015eube M\u00fcd\u00fcrl\u00fc\u011f\u00fc ekipleri, uyu\u015fturucu madde ticaretine y\u00f6nelik y\u00fcr\u00fct\u00fclen \u00e7al\u0131\u015fmalar kapsam\u0131nda, M.E.A. (28) isimli \u015fahs\u0131n i\u015fyerine operasyon d\u00fczenledi&#8230;.<\/p>\n","protected":false},"author":1,"featured_media":29077,"comment_status":"open","ping_status":"open","sticky":false,"template":"","format":"standard","meta":{"_crdt_document":"","footnotes":""},"categories":[5],"tags":[],"class_list":["post-29076","post","type-post","status-publish","format-standard","has-post-thumbnail","hentry","category-asayis"],"_links":{"self":[{"href":"https:\/\/www.egemtv.com\/index.php?rest_route=\/wp\/v2\/posts\/29076","targetHints":{"allow":["GET"]}}],"collection":[{"href":"https:\/\/www.egemtv.com\/index.php?rest_route=\/wp\/v2\/posts"}],"about":[{"href":"https:\/\/www.egemtv.com\/index.php?rest_route=\/wp\/v2\/types\/post"}],"author":[{"embeddable":true,"href":"https:\/\/www.egemtv.com\/index.php?rest_route=\/wp\/v2\/users\/1"}],"replies":[{"embeddable":true,"href":"https:\/\/www.egemtv.com\/index.php?rest_route=%2Fwp%2Fv2%2Fcomments&post=29076"}],"version-history":[{"count":1,"href":"https:\/\/www.egemtv.com\/index.php?rest_route=\/wp\/v2\/posts\/29076\/revisions"}],"predecessor-version":[{"id":29078,"href":"https:\/\/www.egemtv.com\/index.php?rest_route=\/wp\/v2\/posts\/29076\/revisions\/29078"}],"wp:featuredmedia":[{"embeddable":true,"href":"https:\/\/www.egemtv.com\/index.php?rest_route=\/wp\/v2\/media\/29077"}],"wp:attachment":[{"href":"https:\/\/www.egemtv.com\/index.php?rest_route=%2Fwp%2Fv2%2Fmedia&parent=29076"}],"wp:term":[{"taxonomy":"category","embeddable":true,"href":"https:\/\/www.egemtv.com\/index.php?rest_route=%2Fwp%2Fv2%2Fcategories&post=29076"},{"taxonomy":"post_tag","embeddable":true,"href":"https:\/\/www.egemtv.com\/index.php?rest_route=%2Fwp%2Fv2%2Ftags&post=29076"}],"curies":[{"name":"wp","href":"https:\/\/api.w.org\/{rel}","templated":true}]}}