{"id":29073,"date":"2025-05-16T08:55:55","date_gmt":"2025-05-16T05:55:55","guid":{"rendered":"https:\/\/www.egemtv.com\/?p=29073"},"modified":"2025-05-16T08:56:00","modified_gmt":"2025-05-16T05:56:00","slug":"koycegizli-minikler-cocuk-konserinde-eglendi","status":"publish","type":"post","link":"https:\/\/www.egemtv.com\/?p=29073","title":{"rendered":"K\u00f6yce\u011fizli minikler \u00e7ocuk konserinde e\u011flendi"},"content":{"rendered":"<p>Mu\u011fla\u2019n\u0131n K\u00f6yce\u011fiz il\u00e7esinde minikler i\u00e7in konser d\u00fczenlendi. K\u00f6yce\u011fiz Anaokulu, Dilimizin Zenginlikleri Projesi kapsam\u0131nda K\u00f6yce\u011fiz G\u00f6l\u00fc\u2019n\u00fcn e\u015fsiz manzaras\u0131 e\u015fli\u011finde d\u00fczenledi\u011fi \u00e7ocuk konseri etkinli\u011fiyle yaza co\u015fkulu bir merhaba dedi. K\u00f6yce\u011fiz \u0130l\u00e7e Milli E\u011fitim M\u00fcd\u00fcr\u00fc Taner \u015een\u2019in de kat\u0131ld\u0131\u011f\u0131 etkinlikte sahne alan Mill\u00ee E\u011fitim Bakanl\u0131\u011f\u0131 Anadolu Masallar\u0131 kitaplar\u0131n\u0131n yazar\u0131 ve m\u00fczisyen Ba\u011fcan T\u00f6rayd\u0131n, \u00e7ocuklarla birlikte \u015fark\u0131lar s\u00f6yledi. Renkli g\u00f6r\u00fcnt\u00fclere sahne olan konser boyunca \u00e7ocuklar dans etti, e\u011flendi, unutulmaz bir g\u00fcn ya\u015fad\u0131. \u00c7am a\u011fa\u00e7lar\u0131n\u0131n g\u00f6lgesinde, g\u00f6l k\u0131y\u0131s\u0131nda kurulan sahnede ger\u00e7ekle\u015fen etkinlik hem \u00e7ocuklar hem de kat\u0131l\u0131mc\u0131lar i\u00e7in g\u00f6rsel bir \u015f\u00f6lene d\u00f6n\u00fc\u015ft\u00fc. K\u00f6yce\u011fiz Anaokulu M\u00fcd\u00fcrl\u00fc\u011f\u00fc, \u00e7ocuklar\u0131n erken ya\u015fta sanatla bulu\u015fmas\u0131n\u0131 \u00f6nemsediklerini ve bu t\u00fcr etkinliklerle onlar\u0131n sosyal-duygusal geli\u015fimlerine destek olmay\u0131 s\u00fcrd\u00fcreceklerini belirtti. K\u00f6yce\u011fiz\u2019in do\u011fal g\u00fczellikleriyle b\u00fct\u00fcnle\u015fen bu anlaml\u0131 etkinlik, velilerden ve kat\u0131l\u0131mc\u0131lardan da b\u00fcy\u00fck be\u011feni toplad\u0131.<br \/><\/p>\n","protected":false},"excerpt":{"rendered":"<p>Mu\u011fla\u2019n\u0131n K\u00f6yce\u011fiz il\u00e7esinde minikler i\u00e7in konser d\u00fczenlendi. K\u00f6yce\u011fiz Anaokulu, Dilimizin Zenginlikleri Projesi kapsam\u0131nda K\u00f6yce\u011fiz G\u00f6l\u00fc\u2019n\u00fcn e\u015fsiz manzaras\u0131 e\u015fli\u011finde d\u00fczenledi\u011fi \u00e7ocuk konseri etkinli\u011fiyle yaza co\u015fkulu bir merhaba dedi. K\u00f6yce\u011fiz \u0130l\u00e7e Milli E\u011fitim M\u00fcd\u00fcr\u00fc Taner \u015een\u2019in de kat\u0131ld\u0131\u011f\u0131 etkinlikte sahne alan Mill\u00ee E\u011fitim Bakanl\u0131\u011f\u0131 Anadolu Masallar\u0131 kitaplar\u0131n\u0131n yazar\u0131 ve m\u00fczisyen Ba\u011fcan T\u00f6rayd\u0131n, \u00e7ocuklarla birlikte \u015fark\u0131lar s\u00f6yledi. Renkli&#8230;<\/p>\n","protected":false},"author":1,"featured_media":29074,"comment_status":"open","ping_status":"open","sticky":false,"template":"","format":"standard","meta":{"_crdt_document":"","footnotes":""},"categories":[1],"tags":[],"class_list":["post-29073","post","type-post","status-publish","format-standard","has-post-thumbnail","hentry","category-guncel"],"_links":{"self":[{"href":"https:\/\/www.egemtv.com\/index.php?rest_route=\/wp\/v2\/posts\/29073","targetHints":{"allow":["GET"]}}],"collection":[{"href":"https:\/\/www.egemtv.com\/index.php?rest_route=\/wp\/v2\/posts"}],"about":[{"href":"https:\/\/www.egemtv.com\/index.php?rest_route=\/wp\/v2\/types\/post"}],"author":[{"embeddable":true,"href":"https:\/\/www.egemtv.com\/index.php?rest_route=\/wp\/v2\/users\/1"}],"replies":[{"embeddable":true,"href":"https:\/\/www.egemtv.com\/index.php?rest_route=%2Fwp%2Fv2%2Fcomments&post=29073"}],"version-history":[{"count":1,"href":"https:\/\/www.egemtv.com\/index.php?rest_route=\/wp\/v2\/posts\/29073\/revisions"}],"predecessor-version":[{"id":29075,"href":"https:\/\/www.egemtv.com\/index.php?rest_route=\/wp\/v2\/posts\/29073\/revisions\/29075"}],"wp:featuredmedia":[{"embeddable":true,"href":"https:\/\/www.egemtv.com\/index.php?rest_route=\/wp\/v2\/media\/29074"}],"wp:attachment":[{"href":"https:\/\/www.egemtv.com\/index.php?rest_route=%2Fwp%2Fv2%2Fmedia&parent=29073"}],"wp:term":[{"taxonomy":"category","embeddable":true,"href":"https:\/\/www.egemtv.com\/index.php?rest_route=%2Fwp%2Fv2%2Fcategories&post=29073"},{"taxonomy":"post_tag","embeddable":true,"href":"https:\/\/www.egemtv.com\/index.php?rest_route=%2Fwp%2Fv2%2Ftags&post=29073"}],"curies":[{"name":"wp","href":"https:\/\/api.w.org\/{rel}","templated":true}]}}