{"id":28965,"date":"2025-05-15T13:37:26","date_gmt":"2025-05-15T10:37:26","guid":{"rendered":"https:\/\/www.egemtv.com\/?p=28965"},"modified":"2025-05-15T13:37:32","modified_gmt":"2025-05-15T10:37:32","slug":"kula-emniyetine-7-yeni-arac-tahsis-edildi","status":"publish","type":"post","link":"https:\/\/www.egemtv.com\/?p=28965","title":{"rendered":"Kula emniyetine 7 yeni ara\u00e7 tahsis edildi"},"content":{"rendered":"<p>\u0130\u00e7i\u015fleri Bakanl\u0131\u011f\u0131 Emniyet Genel M\u00fcd\u00fcrl\u00fc\u011f\u00fc taraf\u0131ndan Kula \u0130l\u00e7e Emniyet M\u00fcd\u00fcrl\u00fc\u011f\u00fc\u2019ne tahsis edilen 7 yeni hizmet arac\u0131, d\u00fczenlenen t\u00f6renle teslim al\u0131nd\u0131. \u0130l\u00e7e Emniyet M\u00fcd\u00fcrl\u00fc\u011f\u00fc bah\u00e7esinde ger\u00e7ekle\u015ftirilen t\u00f6rende, ara\u00e7lar\u0131n kazas\u0131z ve belas\u0131z \u015fekilde kullan\u0131lmas\u0131 temennisiyle adakl\u0131k hayvan kesildi.<br \/>\n<br \/>T\u00f6rene Kula \u0130l\u00e7e Emniyet M\u00fcd\u00fcrl\u00fc\u011f\u00fc personeli tam kadro kat\u0131l\u0131rken, adakl\u0131k hayvan kesiminin ard\u0131ndan ba\u015fta \u015fehitler olmak \u00fczere t\u00fcm g\u00fcvenlik g\u00fc\u00e7leri i\u00e7in dualar edildi.<br \/>\n<br \/>T\u00f6rende konu\u015fan Kula \u0130l\u00e7e Emniyet M\u00fcd\u00fcr\u00fc Ali R\u0131za G\u00f6kmen, yeni ara\u00e7lar\u0131n il\u00e7edeki g\u00fcvenlik hizmetlerinin etkinli\u011fini art\u0131raca\u011f\u0131n\u0131 belirterek, &#8220;Bu ara\u00e7larla birlikte su\u00e7 ve su\u00e7lularla m\u00fccadelede daha h\u0131zl\u0131 ve etkili hareket edebilece\u011fiz. 7 g\u00fcn 24 saat esas\u0131na g\u00f6re g\u00f6rev yapan te\u015fkilat\u0131m\u0131z, vatanda\u015flar\u0131m\u0131za daha g\u00fc\u00e7l\u00fc bir \u015fekilde hizmet sunmaya devam edecek.&#8221; dedi.<\/p>\n<p>Kavurmal\u0131 pilav hayr\u0131 daveti<br \/>\n<br \/>M\u00fcd\u00fcr G\u00f6kmen ayr\u0131ca, 16 May\u0131s Cuma g\u00fcn\u00fc saat 14.00\u2019te \u0130l\u00e7e Emniyet M\u00fcd\u00fcrl\u00fc\u011f\u00fc \u00f6n\u00fcnde kavurmal\u0131 pilav hayr\u0131 d\u00fczenlenece\u011fini duyurarak, &#8220;T\u00fcm halk\u0131m\u0131z\u0131 bu hayr\u0131m\u0131za davet ediyor, birlik ve beraberli\u011fimizi peki\u015ftirmek ad\u0131na sizleri aram\u0131zda g\u00f6rmekten mutluluk duyar\u0131z.&#8221; ifadelerini kulland\u0131.<br \/><\/p>\n","protected":false},"excerpt":{"rendered":"<p>\u0130\u00e7i\u015fleri Bakanl\u0131\u011f\u0131 Emniyet Genel M\u00fcd\u00fcrl\u00fc\u011f\u00fc taraf\u0131ndan Kula \u0130l\u00e7e Emniyet M\u00fcd\u00fcrl\u00fc\u011f\u00fc\u2019ne tahsis edilen 7 yeni hizmet arac\u0131, d\u00fczenlenen t\u00f6renle teslim al\u0131nd\u0131. \u0130l\u00e7e Emniyet M\u00fcd\u00fcrl\u00fc\u011f\u00fc bah\u00e7esinde ger\u00e7ekle\u015ftirilen t\u00f6rende, ara\u00e7lar\u0131n kazas\u0131z ve belas\u0131z \u015fekilde kullan\u0131lmas\u0131 temennisiyle adakl\u0131k hayvan kesildi. T\u00f6rene Kula \u0130l\u00e7e Emniyet M\u00fcd\u00fcrl\u00fc\u011f\u00fc personeli tam kadro kat\u0131l\u0131rken, adakl\u0131k hayvan kesiminin ard\u0131ndan ba\u015fta \u015fehitler olmak \u00fczere t\u00fcm g\u00fcvenlik&#8230;<\/p>\n","protected":false},"author":1,"featured_media":28966,"comment_status":"open","ping_status":"open","sticky":false,"template":"","format":"standard","meta":{"_crdt_document":"","footnotes":""},"categories":[5],"tags":[],"class_list":["post-28965","post","type-post","status-publish","format-standard","has-post-thumbnail","hentry","category-asayis"],"_links":{"self":[{"href":"https:\/\/www.egemtv.com\/index.php?rest_route=\/wp\/v2\/posts\/28965","targetHints":{"allow":["GET"]}}],"collection":[{"href":"https:\/\/www.egemtv.com\/index.php?rest_route=\/wp\/v2\/posts"}],"about":[{"href":"https:\/\/www.egemtv.com\/index.php?rest_route=\/wp\/v2\/types\/post"}],"author":[{"embeddable":true,"href":"https:\/\/www.egemtv.com\/index.php?rest_route=\/wp\/v2\/users\/1"}],"replies":[{"embeddable":true,"href":"https:\/\/www.egemtv.com\/index.php?rest_route=%2Fwp%2Fv2%2Fcomments&post=28965"}],"version-history":[{"count":1,"href":"https:\/\/www.egemtv.com\/index.php?rest_route=\/wp\/v2\/posts\/28965\/revisions"}],"predecessor-version":[{"id":28967,"href":"https:\/\/www.egemtv.com\/index.php?rest_route=\/wp\/v2\/posts\/28965\/revisions\/28967"}],"wp:featuredmedia":[{"embeddable":true,"href":"https:\/\/www.egemtv.com\/index.php?rest_route=\/wp\/v2\/media\/28966"}],"wp:attachment":[{"href":"https:\/\/www.egemtv.com\/index.php?rest_route=%2Fwp%2Fv2%2Fmedia&parent=28965"}],"wp:term":[{"taxonomy":"category","embeddable":true,"href":"https:\/\/www.egemtv.com\/index.php?rest_route=%2Fwp%2Fv2%2Fcategories&post=28965"},{"taxonomy":"post_tag","embeddable":true,"href":"https:\/\/www.egemtv.com\/index.php?rest_route=%2Fwp%2Fv2%2Ftags&post=28965"}],"curies":[{"name":"wp","href":"https:\/\/api.w.org\/{rel}","templated":true}]}}