{"id":28962,"date":"2025-05-15T13:37:21","date_gmt":"2025-05-15T10:37:21","guid":{"rendered":"https:\/\/www.egemtv.com\/?p=28962"},"modified":"2025-05-15T13:37:26","modified_gmt":"2025-05-15T10:37:26","slug":"azmiyle-engeli-asti-turkiye-sampiyonu-oldu","status":"publish","type":"post","link":"https:\/\/www.egemtv.com\/?p=28962","title":{"rendered":"Azmiyle engeli a\u015ft\u0131, T\u00fcrkiye \u015fampiyonu oldu"},"content":{"rendered":"<p>Ayd\u0131n Doktor Fevzi M\u00fcr\u00fcvvet U\u011furo\u011flu Ortaokulu\u2019nda e\u011fitim g\u00f6ren g\u00f6rme engelli Hamza Yavuz G\u00fcd\u00fcc\u00fc, azmiyle engelleri a\u015ft\u0131, satran\u00e7 turnuvas\u0131nda T\u00fcrkiye \u015fampiyonu oldu.<\/p>\n<p>Okul Sporlar\u0131 G\u00f6rme Engelliler Satran\u00e7 T\u00fcrkiye \u015eampiyonas\u0131, Kocaeli\u2019nin ev sahipli\u011finde ger\u00e7ekle\u015ftirildi. \u00dclke genelinde \u00e7ok say\u0131da sporcunun kat\u0131ld\u0131\u011f\u0131 \u015fampiyonada, Ayd\u0131n\u2019\u0131 ise Doktor Fevzi M\u00fcr\u00fcvvet U\u011furo\u011flu Ortaokulu \u00f6\u011frencisi Hamza Yavuz G\u00fcd\u00fcc\u00fc temsil etti. \u015eampiyonada ba\u015far\u0131s\u0131 ve azmi ile dikkatleri \u00fczerine \u00e7eken gen\u00e7 sporcu, engelleri a\u015farak Y\u0131ld\u0131zlar kategorisinde T\u00fcrkiye \u015fampiyonu oldu. \u015eampiyonluk i\u00e7in hamlelerini yapan ve elde etti\u011fi sonu\u00e7la Ayd\u0131n\u2019\u0131 gururland\u0131ran gen\u00e7 sporcu, azmiyle de \u00f6rnek oldu. Turnuva sonras\u0131nda Ayd\u0131n\u2019a d\u00f6nen gen\u00e7 sporcuyu makam\u0131nda kabul eden Ayd\u0131n \u0130l Milli E\u011fitim M\u00fcd\u00fcr\u00fc S\u00fcleyman Ekici, \u015fampiyon \u00f6\u011frenciyi tebrik ederek &#8220;Engelleri a\u015fan ba\u015far\u0131 hikayeleri yazmaya devam edece\u011fiz&#8221; dedi.<br \/><\/p>\n","protected":false},"excerpt":{"rendered":"<p>Ayd\u0131n Doktor Fevzi M\u00fcr\u00fcvvet U\u011furo\u011flu Ortaokulu\u2019nda e\u011fitim g\u00f6ren g\u00f6rme engelli Hamza Yavuz G\u00fcd\u00fcc\u00fc, azmiyle engelleri a\u015ft\u0131, satran\u00e7 turnuvas\u0131nda T\u00fcrkiye \u015fampiyonu oldu. Okul Sporlar\u0131 G\u00f6rme Engelliler Satran\u00e7 T\u00fcrkiye \u015eampiyonas\u0131, Kocaeli\u2019nin ev sahipli\u011finde ger\u00e7ekle\u015ftirildi. \u00dclke genelinde \u00e7ok say\u0131da sporcunun kat\u0131ld\u0131\u011f\u0131 \u015fampiyonada, Ayd\u0131n\u2019\u0131 ise Doktor Fevzi M\u00fcr\u00fcvvet U\u011furo\u011flu Ortaokulu \u00f6\u011frencisi Hamza Yavuz G\u00fcd\u00fcc\u00fc temsil etti. \u015eampiyonada ba\u015far\u0131s\u0131 ve&#8230;<\/p>\n","protected":false},"author":1,"featured_media":28963,"comment_status":"open","ping_status":"open","sticky":false,"template":"","format":"standard","meta":{"_crdt_document":"","footnotes":""},"categories":[4],"tags":[],"class_list":["post-28962","post","type-post","status-publish","format-standard","has-post-thumbnail","hentry","category-spor"],"_links":{"self":[{"href":"https:\/\/www.egemtv.com\/index.php?rest_route=\/wp\/v2\/posts\/28962","targetHints":{"allow":["GET"]}}],"collection":[{"href":"https:\/\/www.egemtv.com\/index.php?rest_route=\/wp\/v2\/posts"}],"about":[{"href":"https:\/\/www.egemtv.com\/index.php?rest_route=\/wp\/v2\/types\/post"}],"author":[{"embeddable":true,"href":"https:\/\/www.egemtv.com\/index.php?rest_route=\/wp\/v2\/users\/1"}],"replies":[{"embeddable":true,"href":"https:\/\/www.egemtv.com\/index.php?rest_route=%2Fwp%2Fv2%2Fcomments&post=28962"}],"version-history":[{"count":1,"href":"https:\/\/www.egemtv.com\/index.php?rest_route=\/wp\/v2\/posts\/28962\/revisions"}],"predecessor-version":[{"id":28964,"href":"https:\/\/www.egemtv.com\/index.php?rest_route=\/wp\/v2\/posts\/28962\/revisions\/28964"}],"wp:featuredmedia":[{"embeddable":true,"href":"https:\/\/www.egemtv.com\/index.php?rest_route=\/wp\/v2\/media\/28963"}],"wp:attachment":[{"href":"https:\/\/www.egemtv.com\/index.php?rest_route=%2Fwp%2Fv2%2Fmedia&parent=28962"}],"wp:term":[{"taxonomy":"category","embeddable":true,"href":"https:\/\/www.egemtv.com\/index.php?rest_route=%2Fwp%2Fv2%2Fcategories&post=28962"},{"taxonomy":"post_tag","embeddable":true,"href":"https:\/\/www.egemtv.com\/index.php?rest_route=%2Fwp%2Fv2%2Ftags&post=28962"}],"curies":[{"name":"wp","href":"https:\/\/api.w.org\/{rel}","templated":true}]}}