{"id":28959,"date":"2025-05-15T13:17:18","date_gmt":"2025-05-15T10:17:18","guid":{"rendered":"https:\/\/www.egemtv.com\/?p=28959"},"modified":"2025-05-15T13:17:22","modified_gmt":"2025-05-15T10:17:22","slug":"kulada-bilim-soleni","status":"publish","type":"post","link":"https:\/\/www.egemtv.com\/?p=28959","title":{"rendered":"Kula\u2019da Bilim \u015e\u00f6leni"},"content":{"rendered":"<p>Manisa\u2019n\u0131n Kula il\u00e7esinde faaliyet g\u00f6steren Kula Bekir Sacide Filiz Kele\u015fo\u011flu Bilim ve Sanat Merkezi taraf\u0131ndan d\u00fczenlenen T\u00dcB\u0130TAK 4006 Bilim Fuar\u0131, t\u00f6renle a\u00e7\u0131ld\u0131. \u00d6\u011frenci ve \u00f6\u011fretmenlerin titizlikle haz\u0131rlad\u0131\u011f\u0131 projelerin yer ald\u0131\u011f\u0131 fuar\u0131n a\u00e7\u0131l\u0131\u015f\u0131n\u0131 Kula Kaymakam\u0131 \u00d6mer Ahmet \u00d6zdemir ve protokol \u00fcyeleri ger\u00e7ekle\u015ftirdi<br \/>\n<br \/>Bilim ve Sanat Merkezi M\u00fcd\u00fcr\u00fc Suphi Aksoy\u2019un a\u00e7\u0131l\u0131\u015f konu\u015fmas\u0131yla ba\u015flayan t\u00f6rende, Proje y\u00fcr\u00fct\u00fcc\u00fcs\u00fc  Seng\u00fcl \u00c7\u0131nar Cevahir \u00f6nc\u00fcl\u00fc\u011f\u00fcnde  \u00f6\u011frenciler dan\u0131\u015fman \u00f6\u011fretmenleri projelerini sergiledi. Kat\u0131l\u0131mc\u0131lara projelerin geli\u015ftirilme s\u00fcre\u00e7lerini ve kullan\u0131lan y\u00f6ntemleri anlatan \u00f6\u011frenciler, bilimsel meraklar\u0131n\u0131 prati\u011fe d\u00f6kme f\u0131rsat\u0131 buldu.<br \/>\n<br \/>Fuarda sergilenen projeleri tek tek inceleyen Kaymakam \u00d6zdemir, \u00f6\u011frencilerden bilgi alarak \u00e7al\u0131\u015fmalar hakk\u0131nda detayl\u0131 bilgi edindi. \u00d6zdemir, yapt\u0131\u011f\u0131 a\u00e7\u0131klamada T\u00dcB\u0130TAK destekli bilim fuarlar\u0131n\u0131n, \u00f6\u011frencilerin hayal g\u00fc\u00e7lerini geli\u015ftirmede ve bilimsel d\u00fc\u015f\u00fcnme becerilerini art\u0131rmada b\u00fcy\u00fck rol oynad\u0131\u011f\u0131n\u0131 vurgulad\u0131. &#8220;Bu t\u00fcr projeler, \u00f6\u011frencilerimize bilim ve teknolojiyi sevdirmenin en etkili yollar\u0131ndan biri,&#8221; diyen Kaymakam \u00d6zdemir, ba\u015fta Kula B\u0130LSEM olmak \u00fczere t\u00fcm e\u011fitim kurumlar\u0131nda benzer etkinliklerin desteklenmeye devam edece\u011fini belirtti.<br \/>\n<br \/>\u00d6zdemir, Fuarda eme\u011fi ge\u00e7en \u00f6\u011frenci, \u00f6\u011fretmen, idareci ve velilere te\u015fekk\u00fcr eden \u00d6zdemir, bilimin \u0131\u015f\u0131\u011f\u0131nda ilerleyen gen\u00e7lerin gelece\u011fin teminat\u0131 oldu\u011funu s\u00f6yledi.<br \/>\n<br \/>T\u00dcB\u0130TAK 4006 Bilim Fuar\u0131, kat\u0131l\u0131mc\u0131lar\u0131n yo\u011fun ilgisiyle g\u00fcn boyunca ziyaret\u00e7ilerini a\u011f\u0131rlad\u0131.<br \/><\/p>\n","protected":false},"excerpt":{"rendered":"<p>Manisa\u2019n\u0131n Kula il\u00e7esinde faaliyet g\u00f6steren Kula Bekir Sacide Filiz Kele\u015fo\u011flu Bilim ve Sanat Merkezi taraf\u0131ndan d\u00fczenlenen T\u00dcB\u0130TAK 4006 Bilim Fuar\u0131, t\u00f6renle a\u00e7\u0131ld\u0131. \u00d6\u011frenci ve \u00f6\u011fretmenlerin titizlikle haz\u0131rlad\u0131\u011f\u0131 projelerin yer ald\u0131\u011f\u0131 fuar\u0131n a\u00e7\u0131l\u0131\u015f\u0131n\u0131 Kula Kaymakam\u0131 \u00d6mer Ahmet \u00d6zdemir ve protokol \u00fcyeleri ger\u00e7ekle\u015ftirdi Bilim ve Sanat Merkezi M\u00fcd\u00fcr\u00fc Suphi Aksoy\u2019un a\u00e7\u0131l\u0131\u015f konu\u015fmas\u0131yla ba\u015flayan t\u00f6rende, Proje y\u00fcr\u00fct\u00fcc\u00fcs\u00fc Seng\u00fcl&#8230;<\/p>\n","protected":false},"author":1,"featured_media":28960,"comment_status":"open","ping_status":"open","sticky":false,"template":"","format":"standard","meta":{"_crdt_document":"","footnotes":""},"categories":[1],"tags":[],"class_list":["post-28959","post","type-post","status-publish","format-standard","has-post-thumbnail","hentry","category-guncel"],"_links":{"self":[{"href":"https:\/\/www.egemtv.com\/index.php?rest_route=\/wp\/v2\/posts\/28959","targetHints":{"allow":["GET"]}}],"collection":[{"href":"https:\/\/www.egemtv.com\/index.php?rest_route=\/wp\/v2\/posts"}],"about":[{"href":"https:\/\/www.egemtv.com\/index.php?rest_route=\/wp\/v2\/types\/post"}],"author":[{"embeddable":true,"href":"https:\/\/www.egemtv.com\/index.php?rest_route=\/wp\/v2\/users\/1"}],"replies":[{"embeddable":true,"href":"https:\/\/www.egemtv.com\/index.php?rest_route=%2Fwp%2Fv2%2Fcomments&post=28959"}],"version-history":[{"count":1,"href":"https:\/\/www.egemtv.com\/index.php?rest_route=\/wp\/v2\/posts\/28959\/revisions"}],"predecessor-version":[{"id":28961,"href":"https:\/\/www.egemtv.com\/index.php?rest_route=\/wp\/v2\/posts\/28959\/revisions\/28961"}],"wp:featuredmedia":[{"embeddable":true,"href":"https:\/\/www.egemtv.com\/index.php?rest_route=\/wp\/v2\/media\/28960"}],"wp:attachment":[{"href":"https:\/\/www.egemtv.com\/index.php?rest_route=%2Fwp%2Fv2%2Fmedia&parent=28959"}],"wp:term":[{"taxonomy":"category","embeddable":true,"href":"https:\/\/www.egemtv.com\/index.php?rest_route=%2Fwp%2Fv2%2Fcategories&post=28959"},{"taxonomy":"post_tag","embeddable":true,"href":"https:\/\/www.egemtv.com\/index.php?rest_route=%2Fwp%2Fv2%2Ftags&post=28959"}],"curies":[{"name":"wp","href":"https:\/\/api.w.org\/{rel}","templated":true}]}}