{"id":28956,"date":"2025-05-15T13:17:13","date_gmt":"2025-05-15T10:17:13","guid":{"rendered":"https:\/\/www.egemtv.com\/?p=28956"},"modified":"2025-05-15T13:17:18","modified_gmt":"2025-05-15T10:17:18","slug":"hisarcik-ilce-devlet-hastanesinde-geleneksel-lokma-hayri","status":"publish","type":"post","link":"https:\/\/www.egemtv.com\/?p=28956","title":{"rendered":"Hisarc\u0131k \u0130l\u00e7e Devlet Hastanesi\u2019nde geleneksel lokma hayr\u0131"},"content":{"rendered":"<p>K\u00fctahya\u2019n\u0131n Hisarc\u0131k \u0130l\u00e7e Devlet Hastanesi personelinin katk\u0131lar\u0131yla 8. geleneksel lokma hayr\u0131 d\u00fczenlendi.<br \/>\n<br \/>Hastane bah\u00e7esinde kurulan stantta yakla\u015f\u0131k 2 bin 500 ki\u015filik lokma da\u011f\u0131t\u0131m\u0131 ger\u00e7ekle\u015ftirildi. Hastane yetkilileri, 8 y\u0131ldan bu yana d\u00fczenledikleri ve geleneksel hale getirdikleri lokma hayr\u0131n\u0131n hastane personelinin maddi destekleriyle yap\u0131ld\u0131\u011f\u0131n\u0131 belirttiler.<br \/><\/p>\n","protected":false},"excerpt":{"rendered":"<p>K\u00fctahya\u2019n\u0131n Hisarc\u0131k \u0130l\u00e7e Devlet Hastanesi personelinin katk\u0131lar\u0131yla 8. geleneksel lokma hayr\u0131 d\u00fczenlendi. Hastane bah\u00e7esinde kurulan stantta yakla\u015f\u0131k 2 bin 500 ki\u015filik lokma da\u011f\u0131t\u0131m\u0131 ger\u00e7ekle\u015ftirildi. Hastane yetkilileri, 8 y\u0131ldan bu yana d\u00fczenledikleri ve geleneksel hale getirdikleri lokma hayr\u0131n\u0131n hastane personelinin maddi destekleriyle yap\u0131ld\u0131\u011f\u0131n\u0131 belirttiler.<\/p>\n","protected":false},"author":1,"featured_media":28957,"comment_status":"open","ping_status":"open","sticky":false,"template":"","format":"standard","meta":{"_crdt_document":"","footnotes":""},"categories":[123],"tags":[],"class_list":["post-28956","post","type-post","status-publish","format-standard","has-post-thumbnail","hentry","category-gundem"],"_links":{"self":[{"href":"https:\/\/www.egemtv.com\/index.php?rest_route=\/wp\/v2\/posts\/28956","targetHints":{"allow":["GET"]}}],"collection":[{"href":"https:\/\/www.egemtv.com\/index.php?rest_route=\/wp\/v2\/posts"}],"about":[{"href":"https:\/\/www.egemtv.com\/index.php?rest_route=\/wp\/v2\/types\/post"}],"author":[{"embeddable":true,"href":"https:\/\/www.egemtv.com\/index.php?rest_route=\/wp\/v2\/users\/1"}],"replies":[{"embeddable":true,"href":"https:\/\/www.egemtv.com\/index.php?rest_route=%2Fwp%2Fv2%2Fcomments&post=28956"}],"version-history":[{"count":1,"href":"https:\/\/www.egemtv.com\/index.php?rest_route=\/wp\/v2\/posts\/28956\/revisions"}],"predecessor-version":[{"id":28958,"href":"https:\/\/www.egemtv.com\/index.php?rest_route=\/wp\/v2\/posts\/28956\/revisions\/28958"}],"wp:featuredmedia":[{"embeddable":true,"href":"https:\/\/www.egemtv.com\/index.php?rest_route=\/wp\/v2\/media\/28957"}],"wp:attachment":[{"href":"https:\/\/www.egemtv.com\/index.php?rest_route=%2Fwp%2Fv2%2Fmedia&parent=28956"}],"wp:term":[{"taxonomy":"category","embeddable":true,"href":"https:\/\/www.egemtv.com\/index.php?rest_route=%2Fwp%2Fv2%2Fcategories&post=28956"},{"taxonomy":"post_tag","embeddable":true,"href":"https:\/\/www.egemtv.com\/index.php?rest_route=%2Fwp%2Fv2%2Ftags&post=28956"}],"curies":[{"name":"wp","href":"https:\/\/api.w.org\/{rel}","templated":true}]}}