{"id":28953,"date":"2025-05-15T12:58:05","date_gmt":"2025-05-15T09:58:05","guid":{"rendered":"https:\/\/www.egemtv.com\/?p=28953"},"modified":"2025-05-15T12:58:10","modified_gmt":"2025-05-15T09:58:10","slug":"efeler-yolu-ultra-trail-icin-geri-sayim-basladi","status":"publish","type":"post","link":"https:\/\/www.egemtv.com\/?p=28953","title":{"rendered":"Efeler Yolu Ultra Trail i\u00e7in geri say\u0131m ba\u015flad\u0131"},"content":{"rendered":"<p>Efeler Yolu Ultra Trail, \u0130zmir\u2019in antik yollar\u0131nda 24-25 May\u0131s 2025 tarihlerinde ko\u015fulacak.<br \/>\n<br \/>Efeler Yolu Ultra Trail, \u0130zmir\u2019in g\u00fczel manzaras\u0131 ve antik yollar\u0131nda 24-25 May\u0131s 2025 tarihlerinde ko\u015fulacak. \u0130zmir\u2019in Bornova il\u00e7esinden ba\u015flayarak Nif da\u011f\u0131 ve Bozda\u011f s\u0131rada\u011flar\u0131n\u0131 ge\u00e7erek Kiraz\u2019\u0131n yaylalar\u0131n\u0131 d\u00f6nen ve devam\u0131nda Ayd\u0131n s\u0131rada\u011flar\u0131 \u00fczerinden Efes-Sel\u00e7uk\u2019ta bulunan Meryemana\u2019da sonlanan Efeler Yolu, 500 kilometrelik \u00e7ok etapl\u0131 ve i\u015faretli y\u00fcr\u00fcy\u00fc\u015f yolu olma \u00f6zelli\u011fi ile dikkatleri \u00e7ekiyor. Green Destinations &#8220;Top 100 Stories&#8221; aras\u0131nda yer almaya hak kazanan Efeler Yolu, 27 ana etap ve 1 alternatif hat olmak \u00fczere 28 etaptan olu\u015fuyor. 14-24 kilometre aras\u0131nda de\u011fi\u015fen etap uzunluklar\u0131yla orta-zor ve zor olarak derecelere sahip olan Efeler Yolu\u2019nun ana etaplar\u0131 k\u0131rm\u0131z\u0131-beyaz, alternatif rotas\u0131 ise k\u0131rm\u0131z\u0131-sar\u0131 renklerle belirlendi.<br \/>\n<br \/>Patikalarda ger\u00e7ekle\u015fecek yar\u0131\u015fta 80K\u2019da sporcular; 3 bin 600 metrenin \u00fczerinde, 50K\u2019da 2 bin 700 metrenin \u00fczerinde, 30K\u2019l\u0131k parkurda bin 300 metrenin \u00fczerinde, 15K\u2019da 500 metrenin \u00fczerinde, 5K\u2019da ise 100 metrenin \u00fczerinde t\u0131rman\u0131\u015fa sahip rotada m\u00fccadele verecekler. \u0130zmir\u2019in \u00d6demi\u015f il\u00e7esi Birgi mahallesinden start alacak sporcular, yine ayn\u0131 noktada fini\u015fi g\u00f6recekler.<br \/><\/p>\n","protected":false},"excerpt":{"rendered":"<p>Efeler Yolu Ultra Trail, \u0130zmir\u2019in antik yollar\u0131nda 24-25 May\u0131s 2025 tarihlerinde ko\u015fulacak. Efeler Yolu Ultra Trail, \u0130zmir\u2019in g\u00fczel manzaras\u0131 ve antik yollar\u0131nda 24-25 May\u0131s 2025 tarihlerinde ko\u015fulacak. \u0130zmir\u2019in Bornova il\u00e7esinden ba\u015flayarak Nif da\u011f\u0131 ve Bozda\u011f s\u0131rada\u011flar\u0131n\u0131 ge\u00e7erek Kiraz\u2019\u0131n yaylalar\u0131n\u0131 d\u00f6nen ve devam\u0131nda Ayd\u0131n s\u0131rada\u011flar\u0131 \u00fczerinden Efes-Sel\u00e7uk\u2019ta bulunan Meryemana\u2019da sonlanan Efeler Yolu, 500 kilometrelik \u00e7ok etapl\u0131&#8230;<\/p>\n","protected":false},"author":1,"featured_media":28954,"comment_status":"open","ping_status":"open","sticky":false,"template":"","format":"standard","meta":{"_crdt_document":"","footnotes":""},"categories":[4],"tags":[],"class_list":["post-28953","post","type-post","status-publish","format-standard","has-post-thumbnail","hentry","category-spor"],"_links":{"self":[{"href":"https:\/\/www.egemtv.com\/index.php?rest_route=\/wp\/v2\/posts\/28953","targetHints":{"allow":["GET"]}}],"collection":[{"href":"https:\/\/www.egemtv.com\/index.php?rest_route=\/wp\/v2\/posts"}],"about":[{"href":"https:\/\/www.egemtv.com\/index.php?rest_route=\/wp\/v2\/types\/post"}],"author":[{"embeddable":true,"href":"https:\/\/www.egemtv.com\/index.php?rest_route=\/wp\/v2\/users\/1"}],"replies":[{"embeddable":true,"href":"https:\/\/www.egemtv.com\/index.php?rest_route=%2Fwp%2Fv2%2Fcomments&post=28953"}],"version-history":[{"count":1,"href":"https:\/\/www.egemtv.com\/index.php?rest_route=\/wp\/v2\/posts\/28953\/revisions"}],"predecessor-version":[{"id":28955,"href":"https:\/\/www.egemtv.com\/index.php?rest_route=\/wp\/v2\/posts\/28953\/revisions\/28955"}],"wp:featuredmedia":[{"embeddable":true,"href":"https:\/\/www.egemtv.com\/index.php?rest_route=\/wp\/v2\/media\/28954"}],"wp:attachment":[{"href":"https:\/\/www.egemtv.com\/index.php?rest_route=%2Fwp%2Fv2%2Fmedia&parent=28953"}],"wp:term":[{"taxonomy":"category","embeddable":true,"href":"https:\/\/www.egemtv.com\/index.php?rest_route=%2Fwp%2Fv2%2Fcategories&post=28953"},{"taxonomy":"post_tag","embeddable":true,"href":"https:\/\/www.egemtv.com\/index.php?rest_route=%2Fwp%2Fv2%2Ftags&post=28953"}],"curies":[{"name":"wp","href":"https:\/\/api.w.org\/{rel}","templated":true}]}}