{"id":28950,"date":"2025-05-15T12:57:58","date_gmt":"2025-05-15T09:57:58","guid":{"rendered":"https:\/\/www.egemtv.com\/?p=28950"},"modified":"2025-05-15T12:58:05","modified_gmt":"2025-05-15T09:58:05","slug":"yemisenderede-ortu-alti-sebze-ureticilerine-teknik-destek","status":"publish","type":"post","link":"https:\/\/www.egemtv.com\/?p=28950","title":{"rendered":"Yemi\u015fendere\u2019de \u00f6rt\u00fc alt\u0131 sebze \u00fcreticilerine teknik destek"},"content":{"rendered":"<p>Mu\u011fla\u2019n\u0131n Mente\u015fe il\u00e7esine ba\u011fl\u0131 Yemi\u015fendere Mahallesi\u2019nde, \u00f6rt\u00fc alt\u0131 sebze \u00fcretimi yapan \u00e7ift\u00e7ilere y\u00f6nelik bilgilendirme ve kontrol \u00e7al\u0131\u015fmalar\u0131 ger\u00e7ekle\u015ftirildi.<\/p>\n<p>Mente\u015fe \u0130l\u00e7e Tar\u0131m ve Orman M\u00fcd\u00fcrl\u00fc\u011f\u00fc teknik ekipleri, Yemi\u015fendere Mahallesi\u2019nde \u00f6rt\u00fc alt\u0131 sebze \u00fcretimi yap\u0131lan alanlarda saha \u00e7al\u0131\u015fmas\u0131 ger\u00e7ekle\u015ftirdi. \u00dcretim alanlar\u0131nda yap\u0131lan kontroller kapsam\u0131nda, seralarda bitki geli\u015fimi, bak\u0131m uygulamalar\u0131 ve mevcut hastal\u0131k durumlar\u0131 yerinde incelendi. Ekipler, \u00e7ift\u00e7ilere bitki besleme programlar\u0131, bak\u0131m teknikleri ve hastal\u0131klarla m\u00fccadele y\u00f6ntemleri konusunda ayr\u0131nt\u0131l\u0131 bilgilendirmelerde bulundu. Ayr\u0131ca verimlili\u011fi art\u0131rmaya ve \u00fcr\u00fcn kalitesini y\u00fckseltmeye y\u00f6nelik tavsiyelerde bulunuldu. Yap\u0131lan a\u00e7\u0131klamada, \u00fcreticilere y\u00f6nelik bu t\u00fcr teknik destek ziyaretlerinin sezon boyunca devam edece\u011fi ve s\u00fcrd\u00fcr\u00fclebilir tar\u0131m\u0131n te\u015fvik edilece\u011fi belirtildi.<br \/>\n<br \/>Mente\u015fe \u0130l\u00e7e Tar\u0131m ve Orman M\u00fcd\u00fcrl\u00fc\u011f\u00fc yetkilileri, \u00fcreticilerin bilin\u00e7li tar\u0131m uygulamalar\u0131na y\u00f6nlendirilmesinin hem b\u00f6lge hem de \u00fclke tar\u0131m\u0131 a\u00e7\u0131s\u0131ndan b\u00fcy\u00fck \u00f6nem ta\u015f\u0131d\u0131\u011f\u0131n\u0131 vurgulad\u0131.<br \/><\/p>\n","protected":false},"excerpt":{"rendered":"<p>Mu\u011fla\u2019n\u0131n Mente\u015fe il\u00e7esine ba\u011fl\u0131 Yemi\u015fendere Mahallesi\u2019nde, \u00f6rt\u00fc alt\u0131 sebze \u00fcretimi yapan \u00e7ift\u00e7ilere y\u00f6nelik bilgilendirme ve kontrol \u00e7al\u0131\u015fmalar\u0131 ger\u00e7ekle\u015ftirildi. Mente\u015fe \u0130l\u00e7e Tar\u0131m ve Orman M\u00fcd\u00fcrl\u00fc\u011f\u00fc teknik ekipleri, Yemi\u015fendere Mahallesi\u2019nde \u00f6rt\u00fc alt\u0131 sebze \u00fcretimi yap\u0131lan alanlarda saha \u00e7al\u0131\u015fmas\u0131 ger\u00e7ekle\u015ftirdi. \u00dcretim alanlar\u0131nda yap\u0131lan kontroller kapsam\u0131nda, seralarda bitki geli\u015fimi, bak\u0131m uygulamalar\u0131 ve mevcut hastal\u0131k durumlar\u0131 yerinde incelendi. Ekipler, \u00e7ift\u00e7ilere&#8230;<\/p>\n","protected":false},"author":1,"featured_media":28951,"comment_status":"open","ping_status":"open","sticky":false,"template":"","format":"standard","meta":{"_crdt_document":"","footnotes":""},"categories":[1],"tags":[],"class_list":["post-28950","post","type-post","status-publish","format-standard","has-post-thumbnail","hentry","category-guncel"],"_links":{"self":[{"href":"https:\/\/www.egemtv.com\/index.php?rest_route=\/wp\/v2\/posts\/28950","targetHints":{"allow":["GET"]}}],"collection":[{"href":"https:\/\/www.egemtv.com\/index.php?rest_route=\/wp\/v2\/posts"}],"about":[{"href":"https:\/\/www.egemtv.com\/index.php?rest_route=\/wp\/v2\/types\/post"}],"author":[{"embeddable":true,"href":"https:\/\/www.egemtv.com\/index.php?rest_route=\/wp\/v2\/users\/1"}],"replies":[{"embeddable":true,"href":"https:\/\/www.egemtv.com\/index.php?rest_route=%2Fwp%2Fv2%2Fcomments&post=28950"}],"version-history":[{"count":1,"href":"https:\/\/www.egemtv.com\/index.php?rest_route=\/wp\/v2\/posts\/28950\/revisions"}],"predecessor-version":[{"id":28952,"href":"https:\/\/www.egemtv.com\/index.php?rest_route=\/wp\/v2\/posts\/28950\/revisions\/28952"}],"wp:featuredmedia":[{"embeddable":true,"href":"https:\/\/www.egemtv.com\/index.php?rest_route=\/wp\/v2\/media\/28951"}],"wp:attachment":[{"href":"https:\/\/www.egemtv.com\/index.php?rest_route=%2Fwp%2Fv2%2Fmedia&parent=28950"}],"wp:term":[{"taxonomy":"category","embeddable":true,"href":"https:\/\/www.egemtv.com\/index.php?rest_route=%2Fwp%2Fv2%2Fcategories&post=28950"},{"taxonomy":"post_tag","embeddable":true,"href":"https:\/\/www.egemtv.com\/index.php?rest_route=%2Fwp%2Fv2%2Ftags&post=28950"}],"curies":[{"name":"wp","href":"https:\/\/api.w.org\/{rel}","templated":true}]}}