{"id":28947,"date":"2025-05-15T12:57:48","date_gmt":"2025-05-15T09:57:48","guid":{"rendered":"https:\/\/www.egemtv.com\/?p=28947"},"modified":"2025-05-15T12:57:58","modified_gmt":"2025-05-15T09:57:58","slug":"yataganda-orman-yanginlarina-karsi-hava-gucu-goreve-basladi","status":"publish","type":"post","link":"https:\/\/www.egemtv.com\/?p=28947","title":{"rendered":"Yata\u011fan\u2019da orman yang\u0131nlar\u0131na kar\u015f\u0131 hava g\u00fcc\u00fc g\u00f6reve ba\u015flad\u0131"},"content":{"rendered":"<p>Yaz aylar\u0131nda meydana gelebilecek muhtemel orman yang\u0131nlar\u0131na kar\u015f\u0131 \u00f6nlemler kapsam\u0131nda, Yata\u011fan\u2019da konu\u015fland\u0131r\u0131lan yang\u0131n s\u00f6nd\u00fcrme helikopteri g\u00f6reve ba\u015flad\u0131.<\/p>\n<p>Mu\u011fla\u2019n\u0131n orman yang\u0131nlar\u0131na kar\u015f\u0131 y\u00fcksek risk ta\u015f\u0131yan b\u00f6lgelerinden biri olan Yata\u011fan\u2019da, yang\u0131nla m\u00fccadele \u00e7al\u0131\u015fmalar\u0131 kapsam\u0131nda \u00f6nemli bir ad\u0131m at\u0131ld\u0131. Yaz sezonu \u00f6ncesi konu\u015fland\u0131r\u0131lan yang\u0131n s\u00f6nd\u00fcrme helikopteri, aktif g\u00f6revine ba\u015flad\u0131. G\u00f6reve ba\u015flayan helikopterin u\u00e7u\u015f ekibi, Mu\u011fla Orman B\u00f6lge M\u00fcd\u00fcr\u00fc Mustafa \u00dclk\u00fcd\u00fcr taraf\u0131ndan ziyaret edildi. M\u00fcd\u00fcr \u00dclk\u00fcd\u00fcr, helikopter personeliyle bir araya gelerek ekipten bilgi ald\u0131 ve ba\u015far\u0131l\u0131 bir sezon temennisinde bulundu. Ziyarette Yata\u011fan Orman \u0130\u015fletme M\u00fcd\u00fcr\u00fc Beril \u00d6zt\u00fcrk de haz\u0131r bulundu.<\/p>\n<p>Yang\u0131nla m\u00fccadelede havadan m\u00fcdahalenin kritik bir rol oynad\u0131\u011f\u0131na dikkat \u00e7eken yetkililer, helikopterin stratejik konumda konu\u015fland\u0131r\u0131lmas\u0131n\u0131n yang\u0131nlara h\u0131zl\u0131 m\u00fcdahale a\u00e7\u0131s\u0131ndan b\u00fcy\u00fck avantaj sa\u011flayaca\u011f\u0131n\u0131 belirtti. Mu\u011fla Orman B\u00f6lge M\u00fcd\u00fcrl\u00fc\u011f\u00fc, yang\u0131n sezonu boyunca kara ve hava unsurlar\u0131yla koordineli bir \u015fekilde 7\/24 teyakkuzda olaca\u011f\u0131n\u0131 vurgulad\u0131. Vatanda\u015flara da orman yang\u0131nlar\u0131na kar\u015f\u0131 duyarl\u0131 olmalar\u0131 y\u00f6n\u00fcnde \u00e7a\u011fr\u0131da bulunuldu.<br \/><\/p>\n","protected":false},"excerpt":{"rendered":"<p>Yaz aylar\u0131nda meydana gelebilecek muhtemel orman yang\u0131nlar\u0131na kar\u015f\u0131 \u00f6nlemler kapsam\u0131nda, Yata\u011fan\u2019da konu\u015fland\u0131r\u0131lan yang\u0131n s\u00f6nd\u00fcrme helikopteri g\u00f6reve ba\u015flad\u0131. Mu\u011fla\u2019n\u0131n orman yang\u0131nlar\u0131na kar\u015f\u0131 y\u00fcksek risk ta\u015f\u0131yan b\u00f6lgelerinden biri olan Yata\u011fan\u2019da, yang\u0131nla m\u00fccadele \u00e7al\u0131\u015fmalar\u0131 kapsam\u0131nda \u00f6nemli bir ad\u0131m at\u0131ld\u0131. Yaz sezonu \u00f6ncesi konu\u015fland\u0131r\u0131lan yang\u0131n s\u00f6nd\u00fcrme helikopteri, aktif g\u00f6revine ba\u015flad\u0131. G\u00f6reve ba\u015flayan helikopterin u\u00e7u\u015f ekibi, Mu\u011fla Orman B\u00f6lge M\u00fcd\u00fcr\u00fc&#8230;<\/p>\n","protected":false},"author":1,"featured_media":28948,"comment_status":"open","ping_status":"open","sticky":false,"template":"","format":"standard","meta":{"_crdt_document":"","footnotes":""},"categories":[1],"tags":[],"class_list":["post-28947","post","type-post","status-publish","format-standard","has-post-thumbnail","hentry","category-guncel"],"_links":{"self":[{"href":"https:\/\/www.egemtv.com\/index.php?rest_route=\/wp\/v2\/posts\/28947","targetHints":{"allow":["GET"]}}],"collection":[{"href":"https:\/\/www.egemtv.com\/index.php?rest_route=\/wp\/v2\/posts"}],"about":[{"href":"https:\/\/www.egemtv.com\/index.php?rest_route=\/wp\/v2\/types\/post"}],"author":[{"embeddable":true,"href":"https:\/\/www.egemtv.com\/index.php?rest_route=\/wp\/v2\/users\/1"}],"replies":[{"embeddable":true,"href":"https:\/\/www.egemtv.com\/index.php?rest_route=%2Fwp%2Fv2%2Fcomments&post=28947"}],"version-history":[{"count":1,"href":"https:\/\/www.egemtv.com\/index.php?rest_route=\/wp\/v2\/posts\/28947\/revisions"}],"predecessor-version":[{"id":28949,"href":"https:\/\/www.egemtv.com\/index.php?rest_route=\/wp\/v2\/posts\/28947\/revisions\/28949"}],"wp:featuredmedia":[{"embeddable":true,"href":"https:\/\/www.egemtv.com\/index.php?rest_route=\/wp\/v2\/media\/28948"}],"wp:attachment":[{"href":"https:\/\/www.egemtv.com\/index.php?rest_route=%2Fwp%2Fv2%2Fmedia&parent=28947"}],"wp:term":[{"taxonomy":"category","embeddable":true,"href":"https:\/\/www.egemtv.com\/index.php?rest_route=%2Fwp%2Fv2%2Fcategories&post=28947"},{"taxonomy":"post_tag","embeddable":true,"href":"https:\/\/www.egemtv.com\/index.php?rest_route=%2Fwp%2Fv2%2Ftags&post=28947"}],"curies":[{"name":"wp","href":"https:\/\/api.w.org\/{rel}","templated":true}]}}