{"id":28944,"date":"2025-05-15T12:57:40","date_gmt":"2025-05-15T09:57:40","guid":{"rendered":"https:\/\/www.egemtv.com\/?p=28944"},"modified":"2025-05-15T12:57:48","modified_gmt":"2025-05-15T09:57:48","slug":"bodrum-kas-arasi-firtina-uyarisi-yapildi","status":"publish","type":"post","link":"https:\/\/www.egemtv.com\/?p=28944","title":{"rendered":"Bodrum-Ka\u015f aras\u0131 f\u0131rt\u0131na uyar\u0131s\u0131 yap\u0131ld\u0131"},"content":{"rendered":"<p>Meteoroloji 4. B\u00f6lge M\u00fcd\u00fcrl\u00fc\u011f\u00fc B\u00f6lge Tahmin ve Uyar\u0131 Merkezinden yap\u0131lan a\u00e7\u0131klamada, Bodrum-Ka\u015f aras\u0131nda f\u0131rt\u0131na uyar\u0131s\u0131 yap\u0131l\u0131rken, denizcilerin dikkatli ve tedbirli olmalar\u0131 istendi.<br \/>\n<br \/>Yap\u0131lan uyar\u0131da, &#8220;Yap\u0131lan son de\u011ferlendirmelere, yar\u0131n (16.05.2025) sabah saatlerinden sonra Bodrum-Ka\u015f aras\u0131nda g\u00fcney ve g\u00fcneydo\u011fu y\u00f6nlerden 7 ila 9 kuvvetinde (70-90 km\/saat) kuvvetli f\u0131rt\u0131na \u015feklinde esece\u011fi tahmin edilmektedir. F\u0131rt\u0131nan\u0131n ayn\u0131 g\u00fcn ak\u015fam saatlerinden sonra etkisini kaybetmesi beklenmektedir. Ba\u015fta bal\u0131k\u00e7\u0131lar\u0131m\u0131z ve denizcilerimiz olmak \u00fczere meydana gelmesi muhtemel olumsuzluklara kar\u015f\u0131 dikkatli ve tedbirli olunmal\u0131d\u0131r&#8221; denildi.<br \/><\/p>\n","protected":false},"excerpt":{"rendered":"<p>Meteoroloji 4. B\u00f6lge M\u00fcd\u00fcrl\u00fc\u011f\u00fc B\u00f6lge Tahmin ve Uyar\u0131 Merkezinden yap\u0131lan a\u00e7\u0131klamada, Bodrum-Ka\u015f aras\u0131nda f\u0131rt\u0131na uyar\u0131s\u0131 yap\u0131l\u0131rken, denizcilerin dikkatli ve tedbirli olmalar\u0131 istendi. Yap\u0131lan uyar\u0131da, &#8220;Yap\u0131lan son de\u011ferlendirmelere, yar\u0131n (16.05.2025) sabah saatlerinden sonra Bodrum-Ka\u015f aras\u0131nda g\u00fcney ve g\u00fcneydo\u011fu y\u00f6nlerden 7 ila 9 kuvvetinde (70-90 km\/saat) kuvvetli f\u0131rt\u0131na \u015feklinde esece\u011fi tahmin edilmektedir. F\u0131rt\u0131nan\u0131n ayn\u0131 g\u00fcn ak\u015fam saatlerinden&#8230;<\/p>\n","protected":false},"author":1,"featured_media":28945,"comment_status":"open","ping_status":"open","sticky":false,"template":"","format":"standard","meta":{"_crdt_document":"","footnotes":""},"categories":[1],"tags":[],"class_list":["post-28944","post","type-post","status-publish","format-standard","has-post-thumbnail","hentry","category-guncel"],"_links":{"self":[{"href":"https:\/\/www.egemtv.com\/index.php?rest_route=\/wp\/v2\/posts\/28944","targetHints":{"allow":["GET"]}}],"collection":[{"href":"https:\/\/www.egemtv.com\/index.php?rest_route=\/wp\/v2\/posts"}],"about":[{"href":"https:\/\/www.egemtv.com\/index.php?rest_route=\/wp\/v2\/types\/post"}],"author":[{"embeddable":true,"href":"https:\/\/www.egemtv.com\/index.php?rest_route=\/wp\/v2\/users\/1"}],"replies":[{"embeddable":true,"href":"https:\/\/www.egemtv.com\/index.php?rest_route=%2Fwp%2Fv2%2Fcomments&post=28944"}],"version-history":[{"count":1,"href":"https:\/\/www.egemtv.com\/index.php?rest_route=\/wp\/v2\/posts\/28944\/revisions"}],"predecessor-version":[{"id":28946,"href":"https:\/\/www.egemtv.com\/index.php?rest_route=\/wp\/v2\/posts\/28944\/revisions\/28946"}],"wp:featuredmedia":[{"embeddable":true,"href":"https:\/\/www.egemtv.com\/index.php?rest_route=\/wp\/v2\/media\/28945"}],"wp:attachment":[{"href":"https:\/\/www.egemtv.com\/index.php?rest_route=%2Fwp%2Fv2%2Fmedia&parent=28944"}],"wp:term":[{"taxonomy":"category","embeddable":true,"href":"https:\/\/www.egemtv.com\/index.php?rest_route=%2Fwp%2Fv2%2Fcategories&post=28944"},{"taxonomy":"post_tag","embeddable":true,"href":"https:\/\/www.egemtv.com\/index.php?rest_route=%2Fwp%2Fv2%2Ftags&post=28944"}],"curies":[{"name":"wp","href":"https:\/\/api.w.org\/{rel}","templated":true}]}}