{"id":28941,"date":"2025-05-15T12:57:28","date_gmt":"2025-05-15T09:57:28","guid":{"rendered":"https:\/\/www.egemtv.com\/?p=28941"},"modified":"2025-05-15T12:57:40","modified_gmt":"2025-05-15T09:57:40","slug":"muglada-19-mayis-haftasi-celenk-sunumuyla-basladi","status":"publish","type":"post","link":"https:\/\/www.egemtv.com\/?p=28941","title":{"rendered":"Mu\u011fla\u2019da 19 May\u0131s Haftas\u0131 \u00e7elenk sunumuyla ba\u015flad\u0131"},"content":{"rendered":"<p>Mu\u011fla Gen\u00e7lik ve Spor \u0130l M\u00fcd\u00fcrl\u00fc\u011f\u00fc, 19 May\u0131s Atat\u00fcrk\u2019\u00fc Anma, Gen\u00e7lik ve Spor Bayram\u0131 Haftas\u0131 etkinlikleri kapsam\u0131nda Atat\u00fcrk b\u00fcst\u00fcne \u00e7elenk sundu.<\/p>\n<p>19 May\u0131s Atat\u00fcrk\u2019\u00fc Anma, Gen\u00e7lik ve Spor Bayram\u0131 kutlamalar\u0131, Mu\u011fla\u2019da d\u00fczenlenen anlaml\u0131 bir t\u00f6renle ba\u015flad\u0131. Mu\u011fla Gen\u00e7lik ve Spor \u0130l M\u00fcd\u00fcrl\u00fc\u011f\u00fc taraf\u0131ndan organize edilen \u00e7elenk sunma t\u00f6reni Cumhuriyet Meydan\u0131 Atat\u00fcrk b\u00fcst\u00fc \u00f6n\u00fcnde ger\u00e7ekle\u015ftirildi. T\u00f6rene Gen\u00e7lik ve Spor \u0130l M\u00fcd\u00fcr\u00fc ve kurum personeli ile antren\u00f6rler, gen\u00e7lik liderleri ve g\u00f6n\u00fcll\u00fc gen\u00e7ler kat\u0131ld\u0131. Etkinlik, Gen\u00e7lik ve Spor \u0130l M\u00fcd\u00fcr\u00fc Musa Kaz\u0131m A\u00e7\u0131kba\u015f taraf\u0131ndan b\u00fcste \u00e7elenk sunulmas\u0131yla ba\u015flad\u0131. Ard\u0131ndan t\u00fcm kat\u0131l\u0131mc\u0131lar, Gazi Mustafa Kemal Atat\u00fcrk ve silah arkada\u015flar\u0131n\u0131n aziz hat\u0131ras\u0131 i\u00e7in sayg\u0131 duru\u015funda bulundu.<br \/>\n<br \/>Sayg\u0131 duru\u015funun ard\u0131ndan hep birlikte \u0130stiklal Mar\u015f\u0131 okundu. Duygu dolu anlara sahne olan t\u00f6ren, gen\u00e7lik haftas\u0131 etkinliklerinin ilk ad\u0131m\u0131 olarak anlam kazand\u0131.<br \/><\/p>\n","protected":false},"excerpt":{"rendered":"<p>Mu\u011fla Gen\u00e7lik ve Spor \u0130l M\u00fcd\u00fcrl\u00fc\u011f\u00fc, 19 May\u0131s Atat\u00fcrk\u2019\u00fc Anma, Gen\u00e7lik ve Spor Bayram\u0131 Haftas\u0131 etkinlikleri kapsam\u0131nda Atat\u00fcrk b\u00fcst\u00fcne \u00e7elenk sundu. 19 May\u0131s Atat\u00fcrk\u2019\u00fc Anma, Gen\u00e7lik ve Spor Bayram\u0131 kutlamalar\u0131, Mu\u011fla\u2019da d\u00fczenlenen anlaml\u0131 bir t\u00f6renle ba\u015flad\u0131. Mu\u011fla Gen\u00e7lik ve Spor \u0130l M\u00fcd\u00fcrl\u00fc\u011f\u00fc taraf\u0131ndan organize edilen \u00e7elenk sunma t\u00f6reni Cumhuriyet Meydan\u0131 Atat\u00fcrk b\u00fcst\u00fc \u00f6n\u00fcnde ger\u00e7ekle\u015ftirildi. T\u00f6rene&#8230;<\/p>\n","protected":false},"author":1,"featured_media":28942,"comment_status":"open","ping_status":"open","sticky":false,"template":"","format":"standard","meta":{"_crdt_document":"","footnotes":""},"categories":[1],"tags":[],"class_list":["post-28941","post","type-post","status-publish","format-standard","has-post-thumbnail","hentry","category-guncel"],"_links":{"self":[{"href":"https:\/\/www.egemtv.com\/index.php?rest_route=\/wp\/v2\/posts\/28941","targetHints":{"allow":["GET"]}}],"collection":[{"href":"https:\/\/www.egemtv.com\/index.php?rest_route=\/wp\/v2\/posts"}],"about":[{"href":"https:\/\/www.egemtv.com\/index.php?rest_route=\/wp\/v2\/types\/post"}],"author":[{"embeddable":true,"href":"https:\/\/www.egemtv.com\/index.php?rest_route=\/wp\/v2\/users\/1"}],"replies":[{"embeddable":true,"href":"https:\/\/www.egemtv.com\/index.php?rest_route=%2Fwp%2Fv2%2Fcomments&post=28941"}],"version-history":[{"count":1,"href":"https:\/\/www.egemtv.com\/index.php?rest_route=\/wp\/v2\/posts\/28941\/revisions"}],"predecessor-version":[{"id":28943,"href":"https:\/\/www.egemtv.com\/index.php?rest_route=\/wp\/v2\/posts\/28941\/revisions\/28943"}],"wp:featuredmedia":[{"embeddable":true,"href":"https:\/\/www.egemtv.com\/index.php?rest_route=\/wp\/v2\/media\/28942"}],"wp:attachment":[{"href":"https:\/\/www.egemtv.com\/index.php?rest_route=%2Fwp%2Fv2%2Fmedia&parent=28941"}],"wp:term":[{"taxonomy":"category","embeddable":true,"href":"https:\/\/www.egemtv.com\/index.php?rest_route=%2Fwp%2Fv2%2Fcategories&post=28941"},{"taxonomy":"post_tag","embeddable":true,"href":"https:\/\/www.egemtv.com\/index.php?rest_route=%2Fwp%2Fv2%2Ftags&post=28941"}],"curies":[{"name":"wp","href":"https:\/\/api.w.org\/{rel}","templated":true}]}}