{"id":28938,"date":"2025-05-15T12:57:10","date_gmt":"2025-05-15T09:57:10","guid":{"rendered":"https:\/\/www.egemtv.com\/?p=28938"},"modified":"2025-05-15T12:57:27","modified_gmt":"2025-05-15T09:57:27","slug":"manisada-genclik-haftasi-ve-19-mayis-coskusu-basladi","status":"publish","type":"post","link":"https:\/\/www.egemtv.com\/?p=28938","title":{"rendered":"Manisa\u2019da Gen\u00e7lik Haftas\u0131 ve 19 May\u0131s co\u015fkusu ba\u015flad\u0131"},"content":{"rendered":"<p>Manisa\u2019da, 19 May\u0131s Atat\u00fcrk\u2019\u00fc Anma, Gen\u00e7lik ve Spor Bayram\u0131\u2019n\u0131n 106. y\u0131l\u0131 ile Gen\u00e7lik Haftas\u0131 kutlamalar\u0131, d\u00fczenlenen gen\u00e7lik y\u00fcr\u00fcy\u00fc\u015f\u00fc Milli Egemenlik ile Atat\u00fcrk An\u0131t\u0131\u2019na \u00e7elenk sunumuyla ba\u015flad\u0131.<br \/>\n<br \/>Manisa Gen\u00e7lik ve Spor \u0130l M\u00fcd\u00fcrl\u00fc\u011f\u00fc \u00f6n\u00fcnden Cumhuriyet Meydan\u0131\u2019na ger\u00e7ekle\u015ftirilen y\u00fcr\u00fcy\u00fc\u015fe; Manisa Gen\u00e7lik ve Spor \u0130l M\u00fcd\u00fcr\u00fc Yunus \u00d6zt\u00fcrk, \u015fube m\u00fcd\u00fcrleri, \u00f6\u011frenciler, sporcular ve \u00e7ok say\u0131da vatanda\u015f kat\u0131ld\u0131. Mehter tak\u0131m\u0131 ve bando e\u015fli\u011finde mar\u015flarla ilerleyen kortej, \u015fehirde bayram havas\u0131 estirdi. Y\u00fcr\u00fcy\u00fc\u015f g\u00fczerg\u00e2h\u0131 boyunca vatanda\u015flar\u0131n alk\u0131\u015flarla destek verdi\u011fi kortej, renkli g\u00f6r\u00fcnt\u00fclere sahne oldu. Cumhuriyet Meydan\u0131\u2019nda sona eren y\u00fcr\u00fcy\u00fc\u015f\u00fcn ard\u0131ndan Manisa Gen\u00e7lik ve Spor \u0130l M\u00fcd\u00fcr\u00fc Yunus \u00d6zt\u00fcrk taraf\u0131ndan Milli Egemenlik ve Atat\u00fcrk An\u0131t\u0131\u2019na \u00e7elenk sunuldu. Sayg\u0131 duru\u015funda bulunulmas\u0131 ve \u0130stiklal Mar\u015f\u0131\u2019n\u0131n ard\u0131ndan halk oyunlar\u0131 g\u00f6sterileri ile t\u00f6ren devam etti.<br \/>\n<br \/>Gen\u00e7lik Haftas\u0131 kapsam\u0131nda hafta boyunca Manisa genelinde \u00e7e\u015fitli sportif turnuvalar, sanatsal etkinlikler, konserler, sergiler ve at\u00f6lye \u00e7al\u0131\u015fmalar\u0131 ger\u00e7ekle\u015ftirilecek. Gen\u00e7lerin hem fiziksel hem de sosyal geli\u015fimlerini desteklemeyi ama\u00e7layan etkinlikler, ayn\u0131 zamanda birlik, beraberlik ve milli bilin\u00e7 duygular\u0131n\u0131 peki\u015ftirmeyi hedefliyor.<br \/><\/p>\n","protected":false},"excerpt":{"rendered":"<p>Manisa\u2019da, 19 May\u0131s Atat\u00fcrk\u2019\u00fc Anma, Gen\u00e7lik ve Spor Bayram\u0131\u2019n\u0131n 106. y\u0131l\u0131 ile Gen\u00e7lik Haftas\u0131 kutlamalar\u0131, d\u00fczenlenen gen\u00e7lik y\u00fcr\u00fcy\u00fc\u015f\u00fc Milli Egemenlik ile Atat\u00fcrk An\u0131t\u0131\u2019na \u00e7elenk sunumuyla ba\u015flad\u0131. Manisa Gen\u00e7lik ve Spor \u0130l M\u00fcd\u00fcrl\u00fc\u011f\u00fc \u00f6n\u00fcnden Cumhuriyet Meydan\u0131\u2019na ger\u00e7ekle\u015ftirilen y\u00fcr\u00fcy\u00fc\u015fe; Manisa Gen\u00e7lik ve Spor \u0130l M\u00fcd\u00fcr\u00fc Yunus \u00d6zt\u00fcrk, \u015fube m\u00fcd\u00fcrleri, \u00f6\u011frenciler, sporcular ve \u00e7ok say\u0131da vatanda\u015f kat\u0131ld\u0131. Mehter&#8230;<\/p>\n","protected":false},"author":1,"featured_media":28939,"comment_status":"open","ping_status":"open","sticky":false,"template":"","format":"standard","meta":{"_crdt_document":"","footnotes":""},"categories":[4],"tags":[],"class_list":["post-28938","post","type-post","status-publish","format-standard","has-post-thumbnail","hentry","category-spor"],"_links":{"self":[{"href":"https:\/\/www.egemtv.com\/index.php?rest_route=\/wp\/v2\/posts\/28938","targetHints":{"allow":["GET"]}}],"collection":[{"href":"https:\/\/www.egemtv.com\/index.php?rest_route=\/wp\/v2\/posts"}],"about":[{"href":"https:\/\/www.egemtv.com\/index.php?rest_route=\/wp\/v2\/types\/post"}],"author":[{"embeddable":true,"href":"https:\/\/www.egemtv.com\/index.php?rest_route=\/wp\/v2\/users\/1"}],"replies":[{"embeddable":true,"href":"https:\/\/www.egemtv.com\/index.php?rest_route=%2Fwp%2Fv2%2Fcomments&post=28938"}],"version-history":[{"count":1,"href":"https:\/\/www.egemtv.com\/index.php?rest_route=\/wp\/v2\/posts\/28938\/revisions"}],"predecessor-version":[{"id":28940,"href":"https:\/\/www.egemtv.com\/index.php?rest_route=\/wp\/v2\/posts\/28938\/revisions\/28940"}],"wp:featuredmedia":[{"embeddable":true,"href":"https:\/\/www.egemtv.com\/index.php?rest_route=\/wp\/v2\/media\/28939"}],"wp:attachment":[{"href":"https:\/\/www.egemtv.com\/index.php?rest_route=%2Fwp%2Fv2%2Fmedia&parent=28938"}],"wp:term":[{"taxonomy":"category","embeddable":true,"href":"https:\/\/www.egemtv.com\/index.php?rest_route=%2Fwp%2Fv2%2Fcategories&post=28938"},{"taxonomy":"post_tag","embeddable":true,"href":"https:\/\/www.egemtv.com\/index.php?rest_route=%2Fwp%2Fv2%2Ftags&post=28938"}],"curies":[{"name":"wp","href":"https:\/\/api.w.org\/{rel}","templated":true}]}}