{"id":28935,"date":"2025-05-15T12:37:01","date_gmt":"2025-05-15T09:37:01","guid":{"rendered":"https:\/\/www.egemtv.com\/?p=28935"},"modified":"2025-05-15T12:37:08","modified_gmt":"2025-05-15T09:37:08","slug":"gedizli-ogrenciler-italyada-surdurulebilirlik-calismalarina-katildi","status":"publish","type":"post","link":"https:\/\/www.egemtv.com\/?p=28935","title":{"rendered":"Gedizli \u00f6\u011frenciler \u0130talya\u2019da s\u00fcrd\u00fcr\u00fclebilirlik \u00e7al\u0131\u015fmalar\u0131na kat\u0131ld\u0131"},"content":{"rendered":"<p>Gediz Alt\u0131nkent Ortaokulu \u00f6\u011frencileri ve \u00f6\u011fretmenleri, \u00e7evresel s\u00fcrd\u00fcr\u00fclebilirlik konusunda fark\u0131ndal\u0131\u011f\u0131 ama\u00e7layan Erasmus+ projesi kapsam\u0131nda \u0130talya\u2019n\u0131n Este \u015fehrine giderek \u00f6nemli bir faaliyete imza att\u0131. S\u00fcrd\u00fcr\u00fclebilirli\u011fin \u00d6nemi adl\u0131 ve T\u00fcrkiye, \u0130talya, H\u0131rvatistan ve Letonya ortakl\u0131\u011f\u0131yla y\u00fcr\u00fct\u00fclen proje, 2024 Ekim Round-2 d\u00f6neminde \u0130talya Ulusal Ajans\u0131\u2019na sunulmu\u015f ve 100 tam puan alarak hibe almaya hak kazanm\u0131\u015ft\u0131.<br \/>\n<br \/>Projenin ilk hareketlili\u011fi, \u0130talyan ortak okul &#8220;IIS EUGANEO&#8221;nun ev sahipli\u011finde Este\u2019de ger\u00e7ekle\u015ftirildi. Her ortak okuldan iki \u00f6\u011frenci ve iki \u00f6\u011fretmenin kat\u0131l\u0131m\u0131yla ger\u00e7ekle\u015fen etkinlik, \u00e7evresel s\u00fcrd\u00fcr\u00fclebilirlik konusunda \u00f6nemli ad\u0131mlar at\u0131lmas\u0131n\u0131 hedefliyor.<br \/>\n<br \/>Okul M\u00fcd\u00fcr\u00fc Okan Karaca, 2024-2025 e\u011fitim \u00f6\u011fretim y\u0131l\u0131nda \u00fc\u00e7 farkl\u0131 proje kapsam\u0131nda \u00f6\u011fretmen ve \u00f6\u011frenci hareketlilikleri ger\u00e7ekle\u015ftirdiklerini belirterek, bu projedeki ama\u00e7lar\u0131n\u0131n \u00f6\u011frencilerin ve \u00f6\u011fretmenlerin \u00e7evresel s\u00fcrd\u00fcr\u00fclebilirlik konusunda davran\u0131\u015f de\u011fi\u015fikli\u011fi kazanmalar\u0131 ve bu davran\u0131\u015flar\u0131 \u00e7evrelerine yaymada \u00f6nc\u00fc olmalar\u0131 oldu\u011funu vurgulad\u0131. Karaca, bu sayede gelecek nesillere ya\u015fanabilir bir d\u00fcnya b\u0131rakmak i\u00e7in gerekli bilgi ve becerilerle donat\u0131lm\u0131\u015f bireyler yeti\u015ftirilmesine katk\u0131 sa\u011flanaca\u011f\u0131n\u0131 ifade etti.<br \/>\n<br \/>Proje ileti\u015fim sorumlusu \u0130ngilizce \u00d6\u011fretmeni Abdullah I\u015f\u0131k ise hareketlili\u011fe okuldan iki \u00f6\u011frenci ve iki \u00f6\u011fretmenin kat\u0131ld\u0131\u011f\u0131n\u0131 dile getirdi. \u0130talya\u2019daki bir hafta boyunca &#8220;H\u0131zl\u0131 Moda ve \u00c7evresel Etkilerinin Azalt\u0131lmas\u0131&#8221; temas\u0131yla \u00e7e\u015fitli etkinlikler d\u00fczenlendi\u011fini aktaran I\u015f\u0131k, hedef gruplar\u0131n ikinci el k\u0131yafet kullan\u0131m\u0131, y\u0131pranm\u0131\u015f k\u0131yafetlerin tamir ve bak\u0131m\u0131 ile k\u0131yafet israf\u0131 konular\u0131nda bilin\u00e7lendirildi\u011fini s\u00f6yledi. Karma \u00fclke tak\u0131mlar\u0131 olu\u015fturularak eski k\u0131yafetlerden ve tekstil \u00fcr\u00fcnlerinden yeni tasar\u0131mlar yap\u0131ld\u0131\u011f\u0131n\u0131 ve bu tasar\u0131mlar\u0131n geni\u015f kitlelere sergilendi\u011fini belirtti.<br \/>\n<br \/>Abdullah I\u015f\u0131k ayr\u0131ca, \u0130talya ziyareti s\u0131ras\u0131nda ev sahibi okuldaki derslere kat\u0131l\u0131m sa\u011flanarak \u00f6\u011fretmenlerin teknoloji kullan\u0131m standartlar\u0131n\u0131n g\u00f6zlemlendi\u011fini, okulun akademik, bilimsel, sosyal, k\u00fclt\u00fcrel ve sportif faaliyetlerinin incelendi\u011fini ve protokol ziyaretleriyle \u0130talya\u2019n\u0131n k\u00fclt\u00fcr\u00fc hakk\u0131nda bilgi edinildi\u011fini kaydetti.<br \/>\n<br \/>Faaliyetin sonunda, kat\u0131lan \u00f6\u011fretmenlere &#8220;IIS EUGANEO&#8221; m\u00fcd\u00fcr\u00fc taraf\u0131ndan kat\u0131l\u0131m sertifikalar\u0131 takdim edildi. Projenin ikinci hareketlili\u011finin ise Ekim ay\u0131n\u0131n ilk haftas\u0131nda Letonya\u2019n\u0131n ba\u015fkenti Riga\u2019da ger\u00e7ekle\u015ftirilece\u011fi bildirildi. \u00d6\u011fretmenler ve \u00f6\u011frenciler, Letonya\u2019daki etkinliklerde &#8220;Elektronik At\u0131klar ve \u00c7evresel Etkilerinin Azalt\u0131lmas\u0131&#8221; konusunda \u00e7e\u015fitli \u00e7al\u0131\u015fmalara kat\u0131lacaklar.<br \/><\/p>\n","protected":false},"excerpt":{"rendered":"<p>Gediz Alt\u0131nkent Ortaokulu \u00f6\u011frencileri ve \u00f6\u011fretmenleri, \u00e7evresel s\u00fcrd\u00fcr\u00fclebilirlik konusunda fark\u0131ndal\u0131\u011f\u0131 ama\u00e7layan Erasmus+ projesi kapsam\u0131nda \u0130talya\u2019n\u0131n Este \u015fehrine giderek \u00f6nemli bir faaliyete imza att\u0131. S\u00fcrd\u00fcr\u00fclebilirli\u011fin \u00d6nemi adl\u0131 ve T\u00fcrkiye, \u0130talya, H\u0131rvatistan ve Letonya ortakl\u0131\u011f\u0131yla y\u00fcr\u00fct\u00fclen proje, 2024 Ekim Round-2 d\u00f6neminde \u0130talya Ulusal Ajans\u0131\u2019na sunulmu\u015f ve 100 tam puan alarak hibe almaya hak kazanm\u0131\u015ft\u0131. Projenin ilk hareketlili\u011fi,&#8230;<\/p>\n","protected":false},"author":1,"featured_media":28936,"comment_status":"open","ping_status":"open","sticky":false,"template":"","format":"standard","meta":{"_crdt_document":"","footnotes":""},"categories":[1],"tags":[],"class_list":["post-28935","post","type-post","status-publish","format-standard","has-post-thumbnail","hentry","category-guncel"],"_links":{"self":[{"href":"https:\/\/www.egemtv.com\/index.php?rest_route=\/wp\/v2\/posts\/28935","targetHints":{"allow":["GET"]}}],"collection":[{"href":"https:\/\/www.egemtv.com\/index.php?rest_route=\/wp\/v2\/posts"}],"about":[{"href":"https:\/\/www.egemtv.com\/index.php?rest_route=\/wp\/v2\/types\/post"}],"author":[{"embeddable":true,"href":"https:\/\/www.egemtv.com\/index.php?rest_route=\/wp\/v2\/users\/1"}],"replies":[{"embeddable":true,"href":"https:\/\/www.egemtv.com\/index.php?rest_route=%2Fwp%2Fv2%2Fcomments&post=28935"}],"version-history":[{"count":1,"href":"https:\/\/www.egemtv.com\/index.php?rest_route=\/wp\/v2\/posts\/28935\/revisions"}],"predecessor-version":[{"id":28937,"href":"https:\/\/www.egemtv.com\/index.php?rest_route=\/wp\/v2\/posts\/28935\/revisions\/28937"}],"wp:featuredmedia":[{"embeddable":true,"href":"https:\/\/www.egemtv.com\/index.php?rest_route=\/wp\/v2\/media\/28936"}],"wp:attachment":[{"href":"https:\/\/www.egemtv.com\/index.php?rest_route=%2Fwp%2Fv2%2Fmedia&parent=28935"}],"wp:term":[{"taxonomy":"category","embeddable":true,"href":"https:\/\/www.egemtv.com\/index.php?rest_route=%2Fwp%2Fv2%2Fcategories&post=28935"},{"taxonomy":"post_tag","embeddable":true,"href":"https:\/\/www.egemtv.com\/index.php?rest_route=%2Fwp%2Fv2%2Ftags&post=28935"}],"curies":[{"name":"wp","href":"https:\/\/api.w.org\/{rel}","templated":true}]}}