{"id":28929,"date":"2025-05-15T12:17:19","date_gmt":"2025-05-15T09:17:19","guid":{"rendered":"https:\/\/www.egemtv.com\/?p=28929"},"modified":"2025-05-15T12:17:24","modified_gmt":"2025-05-15T09:17:24","slug":"egiad-ve-esiaddan-yapay-zeka-zirvesi","status":"publish","type":"post","link":"https:\/\/www.egemtv.com\/?p=28929","title":{"rendered":"EG\u0130AD ve ES\u0130AD\u2019dan \u2019Yapay Zeka Zirvesi\u2019"},"content":{"rendered":"<p>Ege Gen\u00e7 \u0130\u015f \u0130nsanlar\u0131 Derne\u011fi (EG\u0130AD) ve Ege Sanayicileri ve \u0130\u015f \u0130nsanlar\u0131 Derne\u011fi (ES\u0130AD), i\u015f d\u00fcnyas\u0131n\u0131n dijital d\u00f6n\u00fc\u015f\u00fcm\u00fcne rehberlik etmek amac\u0131yla \u2019D\u00f6n\u00fc\u015ft\u00fcren G\u00fc\u00e7\u2019 temal\u0131 Yapay Zeka Zirvesi d\u00fczenledi. Zirveye kat\u0131lan \u0130zmir Valisi S\u00fcleyman Elban, &#8220;Yapay zekan\u0131n getirdi\u011fi t\u00fcm bilgileri ve teknolojileri sonuna kadar kullan\u0131rken, ayn\u0131 zamanda bu alana y\u00f6n verecek ad\u0131mlar\u0131 da atmal\u0131y\u0131z&#8221; dedi.<br \/>\n<br \/>Ege Gen\u00e7 \u0130\u015f \u0130nsanlar\u0131 Derne\u011fi (EG\u0130AD) ve Ege Sanayicileri ve \u0130\u015f \u0130nsanlar\u0131 Derne\u011fi (ES\u0130AD), i\u015f d\u00fcnyas\u0131n\u0131n dijital d\u00f6n\u00fc\u015f\u00fcm\u00fcne rehberlik etmek amac\u0131yla \u2019D\u00f6n\u00fc\u015ft\u00fcren G\u00fc\u00e7\u2019 temas\u0131yla Yapay Zeka Zirvesi d\u00fczenledi. \u0130zQ \u0130novasyon Merkezinde ger\u00e7ekle\u015fen etkinlikte b\u00f6lgedeki sanayiciler, dijitalle\u015fme yolunda ilerleyen \u015firketlerin temsilcileri, yapay zeka ve yaz\u0131l\u0131m konusunda \u00e7al\u0131\u015fan giri\u015fimciler, yat\u0131r\u0131mc\u0131lar ile yeni trend teknolojilere ilgi duyan gen\u00e7ler bir araya geldi.<br \/>\n<br \/>Zirvenin a\u00e7\u0131l\u0131\u015f konu\u015fmalar\u0131n\u0131 \u0130zmir Valisi S\u00fcleyman Elban, \u0130zmir B\u00fcy\u00fck\u015fehir Belediye Ba\u015fkan\u0131 Cemil Tugay, EG\u0130AD Y\u00f6netim Kurulu Ba\u015fkan\u0131 M. Kaan \u00d6zhelvac\u0131 ve ES\u0130AD Y\u00f6netim Kurulu Ba\u015fkan\u0131 Sibel Zorlu ger\u00e7ekle\u015ftirdi. \u0130zmir\u2019i T\u00fcrkiye\u2019nin teknoloji \u015fehri yapmay\u0131 hedeflediklerini ifade eden Vali Elban, &#8220;Bu do\u011frultuda, ilk ad\u0131m\u0131 dijital okuryazarl\u0131kla att\u0131k. Ge\u00e7en y\u0131l ba\u015flatt\u0131\u011f\u0131m\u0131z kampanya ile ilimizdeki 64 bin \u00f6\u011fretmenimizi dijital okuryazar yapt\u0131k. \u015eimdi ise 857 bin \u00f6\u011frencimiz i\u00e7in \u00e7al\u0131\u015fmalara devam ediyoruz. Amac\u0131m\u0131z, bu \u00f6\u011frenciler aras\u0131ndan gelece\u011fin teknoloji liderlerini yeti\u015ftirmek. Endi\u015felenmek yerine harekete ge\u00e7meliyiz. \u0130zmir\u2019in T\u00fcrkiye\u2019nin teknoloji lideri \u015fehirlerinden biri olabilece\u011fine inan\u0131yoruz. T\u00fcm bu \u00e7abalarla \u0130zmir\u2019i bir teknoloji \u015fehri yapmay\u0131 hedefliyoruz. Karamsar de\u011filiz; bu f\u0131rsat\u0131 de\u011ferlendirmek ve liderli\u011fi almak i\u00e7in \u00e7al\u0131\u015f\u0131yoruz&#8221; ifadelerini kulland\u0131.<\/p>\n<p>Elban, &#8220;D\u00fcnyadaki teknolojik d\u00f6n\u00fc\u015f\u00fcm\u00fcn son noktas\u0131 buras\u0131 ve bu s\u00fcre\u00e7 devam ediyor&#8221;<br \/>\n<br \/>Yapay zekan\u0131n kullan\u0131m\u0131 konusunda ge\u00e7 al\u0131nmamas\u0131 gerekti\u011fini s\u00f6yleyen Vali S\u00fcleyman Elban, &#8220;Yapay zekan\u0131n her \u015feyin, insan\u0131n yerini alaca\u011f\u0131 ve insanlar\u0131n i\u015flerini kaybedece\u011fi gibi karamsar bir tablo \u00e7iziliyor. Ancak ben bu d\u00fc\u015f\u00fcncede de\u011filim; karamsar tarafta yer alm\u0131yorum. Pozitif bir bak\u0131\u015f a\u00e7\u0131s\u0131yla de\u011ferlendiriyorum. Son y\u0131llarda yapay zeka s\u0131k\u00e7a g\u00fcndeme geliyor, \u00f6zellikle pandemi d\u00f6neminde dijitalle\u015fme \u00f6ne \u00e7\u0131kt\u0131. Ancak yapay zeka konusu uzun s\u00fcredir var. Belki de birka\u00e7 y\u0131l sonra bamba\u015fka bir \u015feyden bahsedece\u011fiz, ama \u015fu an g\u00fcndemimizde. Kesin olan bir \u015fey var; D\u00fcnyadaki teknolojik d\u00f6n\u00fc\u015f\u00fcm\u00fcn son noktas\u0131 buras\u0131 ve bu s\u00fcre\u00e7 devam ediyor. \u00d6nemli olan \u015fu. Biz bu teknolojik geli\u015fmelerin neresindeyiz? 4. ve 5. sanayi devrimini izleyici ve kullan\u0131c\u0131 olarak ge\u00e7irdik. \u015eimdi de b\u00f6yle mi devam edece\u011fiz, yoksa teknolojiyi \u00fcreten tarafta m\u0131 olaca\u011f\u0131z? \u00c7\u00fcnk\u00fc bilerek ya da bilmeyerek yapay zekay\u0131 zaten kullan\u0131yoruz. Navigasyon, \u00e7eviri, sesli komutlar, makyaj uygulamalar\u0131, mimarl\u0131k programlar\u0131 gibi bir\u00e7ok alanda hayat\u0131m\u0131z\u0131n par\u00e7as\u0131. Ancak burada bir fark var. \u00dcretilen teknolojiyi kullan\u0131yoruz ama onu \u00fcretmiyoruz. \u00dcretilmi\u015f bilgi ve veriler bize s\u0131n\u0131rl\u0131 \u015fekilde sunuluyor. Daha fazlas\u0131n\u0131 elde etmek i\u00e7in \u00f6deme yap\u0131yoruz. Peki, bu verilerin ne kadar\u0131n\u0131 bilmiyoruz? Kendi kendilerine kulland\u0131klar\u0131 bilgiler bize a\u00e7\u0131lm\u0131yor. Bu nedenle hedefimiz, 1., 2., 3. ve 4. sanayi devrimlerini ka\u00e7\u0131rd\u0131k ama 5. ve 6. sanayi devriminde bu yar\u0131\u015f\u0131n par\u00e7as\u0131 olmak olmal\u0131. Yapay zekan\u0131n getirdi\u011fi t\u00fcm bilgileri ve teknolojileri sonuna kadar kullan\u0131rken, ayn\u0131 zamanda bu alana y\u00f6n verecek ad\u0131mlar\u0131 da atmal\u0131y\u0131z&#8221; diye belirtti.<\/p>\n<p>Zorlu: &#8220;\u0130zmir\u2019in yapay zeka alan\u0131nda \u00f6nc\u00fc kentlerden biri olmas\u0131 i\u00e7in \u00fczerimize d\u00fc\u015fen her ad\u0131m\u0131 atmaya haz\u0131r\u0131z&#8221;<br \/>\n<br \/>\u0130zmir\u2019in yapay zeka alan\u0131nda \u00f6nc\u00fc kentlerden biri olmas\u0131 i\u00e7in her ad\u0131m\u0131 atmaya haz\u0131r olduklar\u0131n\u0131 belirten ES\u0130AD Y\u00f6netim Kurulu Ba\u015fkan\u0131 Sibel Zorlu, &#8220;Yapay zek\u00e2da geldi\u011fimiz nokta, insanl\u0131k tarihinde belki de benzeri g\u00f6r\u00fclmemi\u015f bir e\u015fikte oldu\u011fumuzu g\u00f6steriyor. Teknolojik tekillik &#8211; Singularity olarak adland\u0131r\u0131lan ve yapay zek\u00e2n\u0131n insan zek\u00e2s\u0131n\u0131 a\u015faca\u011f\u0131 bu d\u00f6n\u00fcm noktas\u0131, bizlere b\u00fcy\u00fck umutlar verirken, ciddi g\u00f6revler de y\u00fckl\u00fcyor. Bir yandan hastal\u0131klar\u0131n tamamen ortadan kalkabilece\u011fi, bilgiye s\u0131n\u0131rs\u0131z eri\u015fimin m\u00fcmk\u00fcn olabilece\u011fi, \u00fcretkenli\u011fin \u00f6tesine ge\u00e7en bir refah hayal ediliyor. \u00d6te yandan, kontrol\u00fcn elden \u00e7\u0131kabilece\u011fi, etik ilkelerin g\u00f6lgede kalabilece\u011fi bir belirsizlik de ufukta g\u00f6r\u00fcn\u00fcyor. Bu nedenle yapay zek\u00e2ya yaln\u0131zca bir teknoloji olarak de\u011fil, insanl\u0131k de\u011ferlerini merkezine alan bir gelecek vizyonu olarak bakmak zorunday\u0131z. \u0130zmir\u2019in yapay zeka alan\u0131nda \u00f6nc\u00fc kentlerden biri olmas\u0131 i\u00e7in \u00fczerimize d\u00fc\u015fen her ad\u0131m\u0131 atmaya haz\u0131r\u0131z. Bu \u00e7er\u00e7evede ba\u015fta y\u00fcksek kaliteli veri merkezleri kurulmas\u0131na ihtiyac\u0131m\u0131z oldu\u011funu belirtmek istiyorum. Start-up\u2019lar, KOB\u0130\u2019ler, OSB\u2019ler, sanayi ve \u00fcniversitelerin dahil olaca\u011f\u0131 bir yapay zeka a\u011f\u0131 kurulmas\u0131 i\u00e7in i\u015fbirliklerinin \u00f6nemine dikkat \u00e7ekmek istiyorum. Bu d\u00f6n\u00fc\u015f\u00fcmde y\u00f6n g\u00f6steren, cesaretlendiren, birlikte \u00f6\u011frenen ve \u00fcreten bir ekosistemi hep birlikte \u0130zmir\u2019de in\u015fa edebiliriz&#8221; s\u00f6zlerini kulland\u0131.<\/p>\n<p>\u00d6zhelvac\u0131: &#8220;Yapay zekaya h\u0131zla adapte olan \u015firketler yar\u0131n\u0131n standart belirleyicisi olma f\u0131rsat\u0131n\u0131 yakal\u0131yor&#8221;<br \/>\n<br \/>Yapay zekaya yat\u0131r\u0131m yapman\u0131n art\u0131k bir tercih de\u011fil; kritik bir rekabet avantaj\u0131 oldu\u011funu vurgulayan EG\u0130AD Y\u00f6netim Kurulu Ba\u015fkan\u0131 Kaan \u00d6zhelvac\u0131, &#8220;Yapay zeka, yaln\u0131zca k\u00fcresel teknoloji devlerinin de\u011fil; \u015fehirlerimizin, i\u015f d\u00fcnyam\u0131z\u0131n, kamu kurumlar\u0131m\u0131z\u0131n, yerel y\u00f6netimlerimizin, \u00fcniversitelerimizin ve sivil toplum kurulu\u015flar\u0131m\u0131z\u0131n da stratejik g\u00fcndeminde yer almal\u0131d\u0131r.  Yapay zekaya h\u0131zla adapte olan \u015firketler yaln\u0131zca bug\u00fcn\u00fcn lideri de\u011fil, yar\u0131n\u0131n standart belirleyicisi olma f\u0131rsat\u0131n\u0131 yakal\u0131yor. Ge\u00e7 kalanlar ise de\u011fi\u015fen piyasa \u015fartlar\u0131na ayak uydurmakta zorlanarak rekabet g\u00fc\u00e7lerini kaybetme riskiyle kar\u015f\u0131 kar\u015f\u0131ya kal\u0131yor. Ancak bu d\u00f6n\u00fc\u015f\u00fcmde as\u0131l kritik olan yaln\u0131zca teknolojiyi kullanmak de\u011fil; onu do\u011fru zamanda ve do\u011fru h\u0131zla benimsemektir. Yapay zekaya h\u0131zl\u0131 adapte olan \u015firketler yaln\u0131zca verimliliklerini art\u0131rmakla kalm\u0131yor; ayn\u0131 zamanda rakiplerinin birka\u00e7 ad\u0131m \u00f6n\u00fcne ge\u00e7iyor. Bu d\u00f6n\u00fc\u015f\u00fcm yaln\u0131zca b\u00fcy\u00fck \u00f6l\u00e7ekli \u015firketleri de\u011fil; her \u00f6l\u00e7ekte i\u015fletmeyi do\u011frudan etkiliyor. Zirvemiz arac\u0131l\u0131\u011f\u0131yla \u015fehrimizde ve b\u00f6lgemizdeki i\u015f d\u00fcnyas\u0131nda bu konuda bir fark\u0131ndal\u0131k olu\u015fturmay\u0131 ve harekete ge\u00e7irici bir etki olu\u015fturmay\u0131 umuyoruz. Gelece\u011fin ekonomik ve siyasi liderleri, bug\u00fcn teknolojiye yat\u0131r\u0131m yapanlar olacakt\u0131r&#8221; diye konu\u015ftu.<\/p>\n<p>Tugay: &#8220;\u0130zmir olarak bu teknolojiye h\u0131zla uyum sa\u011flamak i\u00e7in \u00e7al\u0131\u015f\u0131yoruz&#8221;<br \/>\n<br \/>Yapay zeka konusunda muhafazakar olunmamas\u0131 gerekti\u011fine dikkat \u00e7eken Ba\u015fkan Cemil Tugay, &#8220;G\u00f6reve ba\u015flamadan \u00f6nce \u015fehrimiz i\u00e7in bir vizyon tan\u0131m\u0131 yaparken, \u2019yeni nesil belediyecilik\u2019 kavram\u0131n\u0131 ortaya koymu\u015f ve bu \u00e7er\u00e7evede yapay zeka destekli birim ve ekipler olu\u015fturaca\u011f\u0131m\u0131z\u0131 s\u00f6ylemi\u015ftim. Bug\u00fcn, ekip olarak \u0130zmir\u2019i y\u00f6netirken yapay zeka teknolojilerini kullanmaya \u00e7al\u0131\u015f\u0131yoruz ve baz\u0131 \u015feyleri bu sayede daha farkl\u0131 yapabiliyoruz. Yapay zeka ile ilgili konu\u015furken \u00f6nemli bir ayr\u0131m\u0131 netle\u015ftirmemiz gerekiyor. Biz, yapay zeka teknolojisini geli\u015ftiren ve \u00fcreten bir kent olabilir miyiz, yoksa yaln\u0131zca \u00fcretilmi\u015f teknolojiyi do\u011fru kullanan bir \u015fehir mi olaca\u011f\u0131z? \u0130zmir olarak bu teknolojiye h\u0131zla uyum sa\u011flamak i\u00e7in \u00e7al\u0131\u015f\u0131yoruz.  \u015eu anda kesin olan bir \u015fey var: Yapay zekay\u0131 kullanan herkes daha ba\u015far\u0131l\u0131. Bu nedenle \u0130zmir\u2019de herkesin yapay zekay\u0131 nas\u0131l daha etkin kullanabilece\u011fini d\u00fc\u015f\u00fcnmesi gerekiyor. Bu konuya muhafazakar olman\u0131n anlam\u0131 yok&#8221; diye ekledi.<br \/><\/p>\n","protected":false},"excerpt":{"rendered":"<p>Ege Gen\u00e7 \u0130\u015f \u0130nsanlar\u0131 Derne\u011fi (EG\u0130AD) ve Ege Sanayicileri ve \u0130\u015f \u0130nsanlar\u0131 Derne\u011fi (ES\u0130AD), i\u015f d\u00fcnyas\u0131n\u0131n dijital d\u00f6n\u00fc\u015f\u00fcm\u00fcne rehberlik etmek amac\u0131yla \u2019D\u00f6n\u00fc\u015ft\u00fcren G\u00fc\u00e7\u2019 temal\u0131 Yapay Zeka Zirvesi d\u00fczenledi. Zirveye kat\u0131lan \u0130zmir Valisi S\u00fcleyman Elban, &#8220;Yapay zekan\u0131n getirdi\u011fi t\u00fcm bilgileri ve teknolojileri sonuna kadar kullan\u0131rken, ayn\u0131 zamanda bu alana y\u00f6n verecek ad\u0131mlar\u0131 da atmal\u0131y\u0131z&#8221; dedi. Ege&#8230;<\/p>\n","protected":false},"author":1,"featured_media":28930,"comment_status":"open","ping_status":"open","sticky":false,"template":"","format":"standard","meta":{"_crdt_document":"","footnotes":""},"categories":[125],"tags":[],"class_list":["post-28929","post","type-post","status-publish","format-standard","has-post-thumbnail","hentry","category-ekonomi"],"_links":{"self":[{"href":"https:\/\/www.egemtv.com\/index.php?rest_route=\/wp\/v2\/posts\/28929","targetHints":{"allow":["GET"]}}],"collection":[{"href":"https:\/\/www.egemtv.com\/index.php?rest_route=\/wp\/v2\/posts"}],"about":[{"href":"https:\/\/www.egemtv.com\/index.php?rest_route=\/wp\/v2\/types\/post"}],"author":[{"embeddable":true,"href":"https:\/\/www.egemtv.com\/index.php?rest_route=\/wp\/v2\/users\/1"}],"replies":[{"embeddable":true,"href":"https:\/\/www.egemtv.com\/index.php?rest_route=%2Fwp%2Fv2%2Fcomments&post=28929"}],"version-history":[{"count":1,"href":"https:\/\/www.egemtv.com\/index.php?rest_route=\/wp\/v2\/posts\/28929\/revisions"}],"predecessor-version":[{"id":28931,"href":"https:\/\/www.egemtv.com\/index.php?rest_route=\/wp\/v2\/posts\/28929\/revisions\/28931"}],"wp:featuredmedia":[{"embeddable":true,"href":"https:\/\/www.egemtv.com\/index.php?rest_route=\/wp\/v2\/media\/28930"}],"wp:attachment":[{"href":"https:\/\/www.egemtv.com\/index.php?rest_route=%2Fwp%2Fv2%2Fmedia&parent=28929"}],"wp:term":[{"taxonomy":"category","embeddable":true,"href":"https:\/\/www.egemtv.com\/index.php?rest_route=%2Fwp%2Fv2%2Fcategories&post=28929"},{"taxonomy":"post_tag","embeddable":true,"href":"https:\/\/www.egemtv.com\/index.php?rest_route=%2Fwp%2Fv2%2Ftags&post=28929"}],"curies":[{"name":"wp","href":"https:\/\/api.w.org\/{rel}","templated":true}]}}