{"id":28923,"date":"2025-05-15T12:17:10","date_gmt":"2025-05-15T09:17:10","guid":{"rendered":"https:\/\/www.egemtv.com\/?p=28923"},"modified":"2025-05-15T12:17:15","modified_gmt":"2025-05-15T09:17:15","slug":"altintasta-ebeveyn-okulu-kurslari","status":"publish","type":"post","link":"https:\/\/www.egemtv.com\/?p=28923","title":{"rendered":"Alt\u0131nta\u015f\u2019ta Ebeveyn Okulu kurslar\u0131"},"content":{"rendered":"<p>Alt\u0131nta\u015f \u0130l\u00e7e Milli E\u011fitim M\u00fcd\u00fcrl\u00fc\u011f\u00fc koordinesinde Halk E\u011fitim Merkezi taraf\u0131ndan y\u00fcr\u00fct\u00fclen T\u00fcrkiye Y\u00fczy\u0131l\u0131 Maarif Modeli \u00e7er\u00e7evesinde Ebeveyn Okulu kurslar\u0131n\u0131n devam etti\u011fi bildirildi.<br \/>\n<br \/>\u0130l\u00e7e Milli E\u011fitim M\u00fcd\u00fcr\u00fc \u0130smail \u00d6zden, Ebeveyn Okulu kurslar\u0131n\u0131 ziyaretinde yapt\u0131\u011f\u0131 a\u00e7\u0131klamada, ebeveynlerin yeni e\u011fitim yakla\u015f\u0131m\u0131 hakk\u0131nda bilgi sahibi olmalar\u0131n\u0131n, \u00e7ocuklar\u0131n geli\u015fiminde ve e\u011fitim s\u00fcrecindeki katk\u0131s\u0131n\u0131n \u00f6nemine dikkat \u00e7ekti.<br \/>\n<br \/>M\u00fcd\u00fcr \u00d6zden, kat\u0131l\u0131mc\u0131larla birebir sohbet ederek ailelerin g\u00f6r\u00fc\u015f ve \u00f6nerilerini dinledi.<br \/><\/p>\n","protected":false},"excerpt":{"rendered":"<p>Alt\u0131nta\u015f \u0130l\u00e7e Milli E\u011fitim M\u00fcd\u00fcrl\u00fc\u011f\u00fc koordinesinde Halk E\u011fitim Merkezi taraf\u0131ndan y\u00fcr\u00fct\u00fclen T\u00fcrkiye Y\u00fczy\u0131l\u0131 Maarif Modeli \u00e7er\u00e7evesinde Ebeveyn Okulu kurslar\u0131n\u0131n devam etti\u011fi bildirildi. \u0130l\u00e7e Milli E\u011fitim M\u00fcd\u00fcr\u00fc \u0130smail \u00d6zden, Ebeveyn Okulu kurslar\u0131n\u0131 ziyaretinde yapt\u0131\u011f\u0131 a\u00e7\u0131klamada, ebeveynlerin yeni e\u011fitim yakla\u015f\u0131m\u0131 hakk\u0131nda bilgi sahibi olmalar\u0131n\u0131n, \u00e7ocuklar\u0131n geli\u015fiminde ve e\u011fitim s\u00fcrecindeki katk\u0131s\u0131n\u0131n \u00f6nemine dikkat \u00e7ekti. M\u00fcd\u00fcr \u00d6zden, kat\u0131l\u0131mc\u0131larla birebir&#8230;<\/p>\n","protected":false},"author":1,"featured_media":28924,"comment_status":"open","ping_status":"open","sticky":false,"template":"","format":"standard","meta":{"_crdt_document":"","footnotes":""},"categories":[1],"tags":[],"class_list":["post-28923","post","type-post","status-publish","format-standard","has-post-thumbnail","hentry","category-guncel"],"_links":{"self":[{"href":"https:\/\/www.egemtv.com\/index.php?rest_route=\/wp\/v2\/posts\/28923","targetHints":{"allow":["GET"]}}],"collection":[{"href":"https:\/\/www.egemtv.com\/index.php?rest_route=\/wp\/v2\/posts"}],"about":[{"href":"https:\/\/www.egemtv.com\/index.php?rest_route=\/wp\/v2\/types\/post"}],"author":[{"embeddable":true,"href":"https:\/\/www.egemtv.com\/index.php?rest_route=\/wp\/v2\/users\/1"}],"replies":[{"embeddable":true,"href":"https:\/\/www.egemtv.com\/index.php?rest_route=%2Fwp%2Fv2%2Fcomments&post=28923"}],"version-history":[{"count":1,"href":"https:\/\/www.egemtv.com\/index.php?rest_route=\/wp\/v2\/posts\/28923\/revisions"}],"predecessor-version":[{"id":28925,"href":"https:\/\/www.egemtv.com\/index.php?rest_route=\/wp\/v2\/posts\/28923\/revisions\/28925"}],"wp:featuredmedia":[{"embeddable":true,"href":"https:\/\/www.egemtv.com\/index.php?rest_route=\/wp\/v2\/media\/28924"}],"wp:attachment":[{"href":"https:\/\/www.egemtv.com\/index.php?rest_route=%2Fwp%2Fv2%2Fmedia&parent=28923"}],"wp:term":[{"taxonomy":"category","embeddable":true,"href":"https:\/\/www.egemtv.com\/index.php?rest_route=%2Fwp%2Fv2%2Fcategories&post=28923"},{"taxonomy":"post_tag","embeddable":true,"href":"https:\/\/www.egemtv.com\/index.php?rest_route=%2Fwp%2Fv2%2Ftags&post=28923"}],"curies":[{"name":"wp","href":"https:\/\/api.w.org\/{rel}","templated":true}]}}