{"id":28920,"date":"2025-05-15T12:17:06","date_gmt":"2025-05-15T09:17:06","guid":{"rendered":"https:\/\/www.egemtv.com\/?p=28920"},"modified":"2025-05-15T12:17:10","modified_gmt":"2025-05-15T09:17:10","slug":"muglada-engelliler-haftasinda-anlamli-konvoy","status":"publish","type":"post","link":"https:\/\/www.egemtv.com\/?p=28920","title":{"rendered":"Mu\u011fla\u2019da Engelliler Haftas\u0131\u2019nda anlaml\u0131 konvoy"},"content":{"rendered":"<p>Mu\u011fla\u2019da Engelliler Haftas\u0131 kapsam\u0131nda; UMKE, jandarma, 112 Acil Sa\u011fl\u0131k, polis ve Mu\u011fla AFAD ekiplerinin kat\u0131l\u0131m\u0131yla d\u00fczenlenen konvoyla engelli bireyler toplumla g\u00fc\u00e7l\u00fc bir ba\u011f kurarak fark\u0131ndal\u0131k mesaj\u0131 verdi.<\/p>\n<p>Mu\u011fla Engelliler Derne\u011fi ve Beyaz Ay Derne\u011fi \u00f6nc\u00fcl\u00fc\u011f\u00fcnde ger\u00e7ekle\u015ftirilen ara\u00e7 konvoyu, Engelliler Haftas\u0131 etkinlikleri kapsam\u0131nda d\u00fczenlendi. Etkinli\u011fe engelli bireyler, aileleri ve g\u00f6n\u00fcll\u00fcler yo\u011fun ilgi g\u00f6sterdi. G\u00fcn\u00fcn ilk etkinli\u011fi saat 09.00\u2019da Mu\u011fla Valili\u011fi \u00f6n\u00fcnde ba\u015flad\u0131. Engelli bireyler, burada Mu\u011fla Valisi Dr. \u0130dris Akb\u0131y\u0131k\u2019a \u00f6zel bir g\u00f6steri sundu. Davul zurna e\u015fli\u011finde sahneye \u00e7\u0131kan engelli bireyler, zeybek oynayarak hem izleyenlere duygu dolu anlar ya\u015fatt\u0131 hem de b\u00fcy\u00fck alk\u0131\u015f ald\u0131.<\/p>\n<p>Valilik \u00f6n\u00fcndeki g\u00f6sterinin ard\u0131ndan, Cumhuriyet Meydan\u0131\u2019ndan ba\u015flayan ara\u00e7 konvoyu \u015fehir merkezinde fark\u0131ndal\u0131k turu att\u0131. Engelli bireylerin de yer ald\u0131\u011f\u0131 korteje, UMKE, jandarma, 112 Acil Sa\u011fl\u0131k, polis ve Mu\u011fla AFAD ekiplerine ait ara\u00e7lar e\u015flik etti. Konvoy \u015fehirdeki bir\u00e7ok caddeyi dola\u015farak vatanda\u015flara Engelliler Haftas\u0131\u2019n\u0131n anlam ve \u00f6nemini hat\u0131rlatt\u0131.<br \/><\/p>\n","protected":false},"excerpt":{"rendered":"<p>Mu\u011fla\u2019da Engelliler Haftas\u0131 kapsam\u0131nda; UMKE, jandarma, 112 Acil Sa\u011fl\u0131k, polis ve Mu\u011fla AFAD ekiplerinin kat\u0131l\u0131m\u0131yla d\u00fczenlenen konvoyla engelli bireyler toplumla g\u00fc\u00e7l\u00fc bir ba\u011f kurarak fark\u0131ndal\u0131k mesaj\u0131 verdi. Mu\u011fla Engelliler Derne\u011fi ve Beyaz Ay Derne\u011fi \u00f6nc\u00fcl\u00fc\u011f\u00fcnde ger\u00e7ekle\u015ftirilen ara\u00e7 konvoyu, Engelliler Haftas\u0131 etkinlikleri kapsam\u0131nda d\u00fczenlendi. Etkinli\u011fe engelli bireyler, aileleri ve g\u00f6n\u00fcll\u00fcler yo\u011fun ilgi g\u00f6sterdi. G\u00fcn\u00fcn ilk etkinli\u011fi&#8230;<\/p>\n","protected":false},"author":1,"featured_media":28921,"comment_status":"open","ping_status":"open","sticky":false,"template":"","format":"standard","meta":{"_crdt_document":"","footnotes":""},"categories":[1],"tags":[],"class_list":["post-28920","post","type-post","status-publish","format-standard","has-post-thumbnail","hentry","category-guncel"],"_links":{"self":[{"href":"https:\/\/www.egemtv.com\/index.php?rest_route=\/wp\/v2\/posts\/28920","targetHints":{"allow":["GET"]}}],"collection":[{"href":"https:\/\/www.egemtv.com\/index.php?rest_route=\/wp\/v2\/posts"}],"about":[{"href":"https:\/\/www.egemtv.com\/index.php?rest_route=\/wp\/v2\/types\/post"}],"author":[{"embeddable":true,"href":"https:\/\/www.egemtv.com\/index.php?rest_route=\/wp\/v2\/users\/1"}],"replies":[{"embeddable":true,"href":"https:\/\/www.egemtv.com\/index.php?rest_route=%2Fwp%2Fv2%2Fcomments&post=28920"}],"version-history":[{"count":1,"href":"https:\/\/www.egemtv.com\/index.php?rest_route=\/wp\/v2\/posts\/28920\/revisions"}],"predecessor-version":[{"id":28922,"href":"https:\/\/www.egemtv.com\/index.php?rest_route=\/wp\/v2\/posts\/28920\/revisions\/28922"}],"wp:featuredmedia":[{"embeddable":true,"href":"https:\/\/www.egemtv.com\/index.php?rest_route=\/wp\/v2\/media\/28921"}],"wp:attachment":[{"href":"https:\/\/www.egemtv.com\/index.php?rest_route=%2Fwp%2Fv2%2Fmedia&parent=28920"}],"wp:term":[{"taxonomy":"category","embeddable":true,"href":"https:\/\/www.egemtv.com\/index.php?rest_route=%2Fwp%2Fv2%2Fcategories&post=28920"},{"taxonomy":"post_tag","embeddable":true,"href":"https:\/\/www.egemtv.com\/index.php?rest_route=%2Fwp%2Fv2%2Ftags&post=28920"}],"curies":[{"name":"wp","href":"https:\/\/api.w.org\/{rel}","templated":true}]}}