{"id":28917,"date":"2025-05-15T12:17:01","date_gmt":"2025-05-15T09:17:01","guid":{"rendered":"https:\/\/www.egemtv.com\/?p=28917"},"modified":"2025-05-15T12:17:05","modified_gmt":"2025-05-15T09:17:05","slug":"aydinda-aile-yili-kortej-yuruyusu-yapildi","status":"publish","type":"post","link":"https:\/\/www.egemtv.com\/?p=28917","title":{"rendered":"Ayd\u0131n\u2019da Aile Y\u0131l\u0131 kortej y\u00fcr\u00fcy\u00fc\u015f\u00fc yap\u0131ld\u0131"},"content":{"rendered":"<p>Ayd\u0131n\u2019\u0131n Efeler il\u00e7esinde Aile Y\u0131l\u0131 kapsam\u0131nda kortej y\u00fcr\u00fcy\u00fc\u015f\u00fc ger\u00e7ekle\u015ftirilirken, Atat\u00fcrk Kent Meydan\u0131\u2019nda stantlar gezilip, y\u00fcr\u00fcy\u00fc\u015fe kat\u0131lanlara ikramda bulunuldu.<br \/>\n<br \/>Aile Y\u0131l\u0131 kapsam\u0131nda bando e\u015fli\u011finde Ayd\u0131n Valili\u011fi \u00f6n\u00fcnden Vali Yard\u0131mc\u0131s\u0131 Bilgehan Bayar ve protokol\u00fcn kat\u0131l\u0131m\u0131yla ba\u015flayan kortej y\u00fcr\u00fcy\u00fc\u015f\u00fc, Atat\u00fcrk Kent Meydan\u0131\u2019nda sona erdi. Y\u00fcr\u00fcy\u00fc\u015f\u00fcn ard\u0131ndan protokol \u00fcyeleri ve vatanda\u015flar kurulan stantlar\u0131 gezdi.<br \/>\n<br \/>Etkinli\u011fe kat\u0131lan vatanda\u015flara lokma ve \u00e7ay ikram edildi.<br \/>\n<br \/>Ayd\u0131n Aile ve Sosyal Hizmetler \u0130l M\u00fcd\u00fcr\u00fc Abdullah K\u00f6m\u00fcrc\u00fco\u011flu, etkinlikle ilgili olarak yapt\u0131\u011f\u0131 a\u00e7\u0131klamada, &#8220;Cumhurba\u015fkan\u0131m\u0131z\u0131n tensipleriyle 2025 y\u0131l\u0131 Aile y\u0131l\u0131 olarak ilan edilmi\u015ftir. 2025 Aile Y\u0131l\u0131 etkinlikleri kapsam\u0131nda t\u00fcm kamu kurum ve kurulu\u015flar\u0131m\u0131z\u0131n kat\u0131l\u0131m\u0131yla, vatanda\u015flar\u0131m\u0131z\u0131n kat\u0131l\u0131m\u0131 ile y\u00fcr\u00fcy\u00fc\u015f\u00fcm\u00fcz\u00fc ger\u00e7ekle\u015ftirdik. Buradaki amac\u0131m\u0131z ailenin \u00f6neminin vurgulanmas\u0131. Toplumun en \u00f6nemli bireylerinin olu\u015fturdu\u011fu bir yap\u0131n\u0131n daha g\u00fc\u00e7l\u00fc hale gelerek, \u00fclkemizin \u00e7ok daha sa\u011flam ad\u0131mlarla ileriye y\u00fcr\u00fcmesi ama\u00e7lanmaktad\u0131r&#8221; diye konu\u015ftu.<br \/><\/p>\n","protected":false},"excerpt":{"rendered":"<p>Ayd\u0131n\u2019\u0131n Efeler il\u00e7esinde Aile Y\u0131l\u0131 kapsam\u0131nda kortej y\u00fcr\u00fcy\u00fc\u015f\u00fc ger\u00e7ekle\u015ftirilirken, Atat\u00fcrk Kent Meydan\u0131\u2019nda stantlar gezilip, y\u00fcr\u00fcy\u00fc\u015fe kat\u0131lanlara ikramda bulunuldu. Aile Y\u0131l\u0131 kapsam\u0131nda bando e\u015fli\u011finde Ayd\u0131n Valili\u011fi \u00f6n\u00fcnden Vali Yard\u0131mc\u0131s\u0131 Bilgehan Bayar ve protokol\u00fcn kat\u0131l\u0131m\u0131yla ba\u015flayan kortej y\u00fcr\u00fcy\u00fc\u015f\u00fc, Atat\u00fcrk Kent Meydan\u0131\u2019nda sona erdi. Y\u00fcr\u00fcy\u00fc\u015f\u00fcn ard\u0131ndan protokol \u00fcyeleri ve vatanda\u015flar kurulan stantlar\u0131 gezdi. Etkinli\u011fe kat\u0131lan vatanda\u015flara lokma ve&#8230;<\/p>\n","protected":false},"author":1,"featured_media":28918,"comment_status":"open","ping_status":"open","sticky":false,"template":"","format":"standard","meta":{"_crdt_document":"","footnotes":""},"categories":[1],"tags":[],"class_list":["post-28917","post","type-post","status-publish","format-standard","has-post-thumbnail","hentry","category-guncel"],"_links":{"self":[{"href":"https:\/\/www.egemtv.com\/index.php?rest_route=\/wp\/v2\/posts\/28917","targetHints":{"allow":["GET"]}}],"collection":[{"href":"https:\/\/www.egemtv.com\/index.php?rest_route=\/wp\/v2\/posts"}],"about":[{"href":"https:\/\/www.egemtv.com\/index.php?rest_route=\/wp\/v2\/types\/post"}],"author":[{"embeddable":true,"href":"https:\/\/www.egemtv.com\/index.php?rest_route=\/wp\/v2\/users\/1"}],"replies":[{"embeddable":true,"href":"https:\/\/www.egemtv.com\/index.php?rest_route=%2Fwp%2Fv2%2Fcomments&post=28917"}],"version-history":[{"count":1,"href":"https:\/\/www.egemtv.com\/index.php?rest_route=\/wp\/v2\/posts\/28917\/revisions"}],"predecessor-version":[{"id":28919,"href":"https:\/\/www.egemtv.com\/index.php?rest_route=\/wp\/v2\/posts\/28917\/revisions\/28919"}],"wp:featuredmedia":[{"embeddable":true,"href":"https:\/\/www.egemtv.com\/index.php?rest_route=\/wp\/v2\/media\/28918"}],"wp:attachment":[{"href":"https:\/\/www.egemtv.com\/index.php?rest_route=%2Fwp%2Fv2%2Fmedia&parent=28917"}],"wp:term":[{"taxonomy":"category","embeddable":true,"href":"https:\/\/www.egemtv.com\/index.php?rest_route=%2Fwp%2Fv2%2Fcategories&post=28917"},{"taxonomy":"post_tag","embeddable":true,"href":"https:\/\/www.egemtv.com\/index.php?rest_route=%2Fwp%2Fv2%2Ftags&post=28917"}],"curies":[{"name":"wp","href":"https:\/\/api.w.org\/{rel}","templated":true}]}}