{"id":28914,"date":"2025-05-15T11:56:34","date_gmt":"2025-05-15T08:56:34","guid":{"rendered":"https:\/\/www.egemtv.com\/?p=28914"},"modified":"2025-05-15T11:56:39","modified_gmt":"2025-05-15T08:56:39","slug":"feto-ile-iltisakli-oldugu-belirlenen-almanya-uyruklu-sahis-gozaltina-alindi","status":"publish","type":"post","link":"https:\/\/www.egemtv.com\/?p=28914","title":{"rendered":"FET\u00d6 ile iltisakl\u0131 oldu\u011fu belirlenen Almanya uyruklu \u015fah\u0131s g\u00f6zalt\u0131na al\u0131nd\u0131"},"content":{"rendered":"<p>Afyonkarahisar\u2019da Fetullah\u00e7\u0131 Ter\u00f6r \u00d6rg\u00fct\u00fc (FET\u00d6) ile iltisakl\u0131 oldu\u011fu belirlenen Almanya uyruklu \u015fah\u0131s g\u00f6zalt\u0131na al\u0131nd\u0131.<br \/>\n<br \/>Edinilen bilgilere g\u00f6re, \u0130l Emniyet M\u00fcd\u00fcrl\u00fc\u011f\u00fcne ba\u011fl\u0131 ekipler 2016 y\u0131l\u0131nda FET\u00d6 ter\u00f6r \u00f6rg\u00fct\u00fcne \u00fcye olma su\u00e7undan hakk\u0131nda i\u015flem yap\u0131lan ve \u00f6rg\u00fct\u00fcn s\u00f6zde m\u00fctevelli heyetinde yer ald\u0131\u011f\u0131 iddia edilen N.U., isimli Almanya uyruklu \u015fah\u0131s g\u00f6zalt\u0131na al\u0131nd\u0131. \u015eahs\u0131n yap\u0131lan incelemelerde milli g\u00fcvenlik aleyhine faaliyette bulunan yabanc\u0131 \u015fah\u0131slar kodu bulunan ki\u015filerden oldu\u011fu ve i\u015flemleri sonras\u0131 deport edilece\u011fi belirtildi.<br \/><\/p>\n","protected":false},"excerpt":{"rendered":"<p>Afyonkarahisar\u2019da Fetullah\u00e7\u0131 Ter\u00f6r \u00d6rg\u00fct\u00fc (FET\u00d6) ile iltisakl\u0131 oldu\u011fu belirlenen Almanya uyruklu \u015fah\u0131s g\u00f6zalt\u0131na al\u0131nd\u0131. Edinilen bilgilere g\u00f6re, \u0130l Emniyet M\u00fcd\u00fcrl\u00fc\u011f\u00fcne ba\u011fl\u0131 ekipler 2016 y\u0131l\u0131nda FET\u00d6 ter\u00f6r \u00f6rg\u00fct\u00fcne \u00fcye olma su\u00e7undan hakk\u0131nda i\u015flem yap\u0131lan ve \u00f6rg\u00fct\u00fcn s\u00f6zde m\u00fctevelli heyetinde yer ald\u0131\u011f\u0131 iddia edilen N.U., isimli Almanya uyruklu \u015fah\u0131s g\u00f6zalt\u0131na al\u0131nd\u0131. \u015eahs\u0131n yap\u0131lan incelemelerde milli g\u00fcvenlik aleyhine&#8230;<\/p>\n","protected":false},"author":1,"featured_media":28915,"comment_status":"open","ping_status":"open","sticky":false,"template":"","format":"standard","meta":{"_crdt_document":"","footnotes":""},"categories":[5],"tags":[],"class_list":["post-28914","post","type-post","status-publish","format-standard","has-post-thumbnail","hentry","category-asayis"],"_links":{"self":[{"href":"https:\/\/www.egemtv.com\/index.php?rest_route=\/wp\/v2\/posts\/28914","targetHints":{"allow":["GET"]}}],"collection":[{"href":"https:\/\/www.egemtv.com\/index.php?rest_route=\/wp\/v2\/posts"}],"about":[{"href":"https:\/\/www.egemtv.com\/index.php?rest_route=\/wp\/v2\/types\/post"}],"author":[{"embeddable":true,"href":"https:\/\/www.egemtv.com\/index.php?rest_route=\/wp\/v2\/users\/1"}],"replies":[{"embeddable":true,"href":"https:\/\/www.egemtv.com\/index.php?rest_route=%2Fwp%2Fv2%2Fcomments&post=28914"}],"version-history":[{"count":1,"href":"https:\/\/www.egemtv.com\/index.php?rest_route=\/wp\/v2\/posts\/28914\/revisions"}],"predecessor-version":[{"id":28916,"href":"https:\/\/www.egemtv.com\/index.php?rest_route=\/wp\/v2\/posts\/28914\/revisions\/28916"}],"wp:featuredmedia":[{"embeddable":true,"href":"https:\/\/www.egemtv.com\/index.php?rest_route=\/wp\/v2\/media\/28915"}],"wp:attachment":[{"href":"https:\/\/www.egemtv.com\/index.php?rest_route=%2Fwp%2Fv2%2Fmedia&parent=28914"}],"wp:term":[{"taxonomy":"category","embeddable":true,"href":"https:\/\/www.egemtv.com\/index.php?rest_route=%2Fwp%2Fv2%2Fcategories&post=28914"},{"taxonomy":"post_tag","embeddable":true,"href":"https:\/\/www.egemtv.com\/index.php?rest_route=%2Fwp%2Fv2%2Ftags&post=28914"}],"curies":[{"name":"wp","href":"https:\/\/api.w.org\/{rel}","templated":true}]}}