{"id":28911,"date":"2025-05-15T11:36:27","date_gmt":"2025-05-15T08:36:27","guid":{"rendered":"https:\/\/www.egemtv.com\/?p=28911"},"modified":"2025-05-15T11:36:31","modified_gmt":"2025-05-15T08:36:31","slug":"datcada-engelliler-haftasi-yuruyus-ile-basladi","status":"publish","type":"post","link":"https:\/\/www.egemtv.com\/?p=28911","title":{"rendered":"Dat\u00e7a\u2019da Engelliler Haftas\u0131 y\u00fcr\u00fcy\u00fc\u015f ile ba\u015flad\u0131"},"content":{"rendered":"<p>Mu\u011fla\u2019n\u0131n Dat\u00e7a il\u00e7esinde Engelliler Haftas\u0131 kapsam\u0131nda d\u00fczenlenen etkinlikler, bando e\u015fli\u011finde yap\u0131lan y\u00fcr\u00fcy\u00fc\u015fle ba\u015flad\u0131. Cumhuriyet Meydan\u0131\u2019nda devam eden programda, \u00f6\u011frenciler taraf\u0131ndan jimnastik g\u00f6sterileri sergilendi.<\/p>\n<p>Dat\u00e7a \u0130l\u00e7e Milli E\u011fitim M\u00fcd\u00fcrl\u00fc\u011f\u00fc taraf\u0131ndan organize edilen etkinlikte bando e\u015fli\u011finde yap\u0131lan kortej y\u00fcr\u00fcy\u00fc\u015f\u00fcn\u00fcn ard\u0131ndan Cumhuriyet Meydan\u0131\u2019nda toplanan \u00f6\u011frenci gruplar\u0131, haftan\u0131n anlam ve \u00f6nemine dikkat \u00e7ekmek amac\u0131yla \u00e7e\u015fitli g\u00f6steriler ger\u00e7ekle\u015ftirdi. Etkinlikler kapsam\u0131nda \u00f6\u011frenciler, jimnastik performanslar\u0131 ile izleyenlerden alk\u0131\u015f ald\u0131. Programda, engelli bireylerin topluma kat\u0131l\u0131m\u0131 ve fark\u0131ndal\u0131k olu\u015fturulmas\u0131 amac\u0131yla \u00e7e\u015fitli sportif etkinlikler de d\u00fczenlendi. \u0130l\u00e7e Milli E\u011fitim M\u00fcd\u00fcr\u00fc B\u00fclent Aldal da etkinliklere kat\u0131larak \u00f6\u011frencilere destek verdi. Aldal, \u00f6\u011frencilerle birlikte sportif oyunlara kat\u0131ld\u0131 ve engellilerle ilgili toplumsal bilincin art\u0131r\u0131lmas\u0131n\u0131n \u00f6nemine dikkat \u00e7ekti.<br \/><\/p>\n","protected":false},"excerpt":{"rendered":"<p>Mu\u011fla\u2019n\u0131n Dat\u00e7a il\u00e7esinde Engelliler Haftas\u0131 kapsam\u0131nda d\u00fczenlenen etkinlikler, bando e\u015fli\u011finde yap\u0131lan y\u00fcr\u00fcy\u00fc\u015fle ba\u015flad\u0131. Cumhuriyet Meydan\u0131\u2019nda devam eden programda, \u00f6\u011frenciler taraf\u0131ndan jimnastik g\u00f6sterileri sergilendi. Dat\u00e7a \u0130l\u00e7e Milli E\u011fitim M\u00fcd\u00fcrl\u00fc\u011f\u00fc taraf\u0131ndan organize edilen etkinlikte bando e\u015fli\u011finde yap\u0131lan kortej y\u00fcr\u00fcy\u00fc\u015f\u00fcn\u00fcn ard\u0131ndan Cumhuriyet Meydan\u0131\u2019nda toplanan \u00f6\u011frenci gruplar\u0131, haftan\u0131n anlam ve \u00f6nemine dikkat \u00e7ekmek amac\u0131yla \u00e7e\u015fitli g\u00f6steriler ger\u00e7ekle\u015ftirdi. Etkinlikler kapsam\u0131nda&#8230;<\/p>\n","protected":false},"author":1,"featured_media":28912,"comment_status":"open","ping_status":"open","sticky":false,"template":"","format":"standard","meta":{"_crdt_document":"","footnotes":""},"categories":[1],"tags":[],"class_list":["post-28911","post","type-post","status-publish","format-standard","has-post-thumbnail","hentry","category-guncel"],"_links":{"self":[{"href":"https:\/\/www.egemtv.com\/index.php?rest_route=\/wp\/v2\/posts\/28911","targetHints":{"allow":["GET"]}}],"collection":[{"href":"https:\/\/www.egemtv.com\/index.php?rest_route=\/wp\/v2\/posts"}],"about":[{"href":"https:\/\/www.egemtv.com\/index.php?rest_route=\/wp\/v2\/types\/post"}],"author":[{"embeddable":true,"href":"https:\/\/www.egemtv.com\/index.php?rest_route=\/wp\/v2\/users\/1"}],"replies":[{"embeddable":true,"href":"https:\/\/www.egemtv.com\/index.php?rest_route=%2Fwp%2Fv2%2Fcomments&post=28911"}],"version-history":[{"count":1,"href":"https:\/\/www.egemtv.com\/index.php?rest_route=\/wp\/v2\/posts\/28911\/revisions"}],"predecessor-version":[{"id":28913,"href":"https:\/\/www.egemtv.com\/index.php?rest_route=\/wp\/v2\/posts\/28911\/revisions\/28913"}],"wp:featuredmedia":[{"embeddable":true,"href":"https:\/\/www.egemtv.com\/index.php?rest_route=\/wp\/v2\/media\/28912"}],"wp:attachment":[{"href":"https:\/\/www.egemtv.com\/index.php?rest_route=%2Fwp%2Fv2%2Fmedia&parent=28911"}],"wp:term":[{"taxonomy":"category","embeddable":true,"href":"https:\/\/www.egemtv.com\/index.php?rest_route=%2Fwp%2Fv2%2Fcategories&post=28911"},{"taxonomy":"post_tag","embeddable":true,"href":"https:\/\/www.egemtv.com\/index.php?rest_route=%2Fwp%2Fv2%2Ftags&post=28911"}],"curies":[{"name":"wp","href":"https:\/\/api.w.org\/{rel}","templated":true}]}}