{"id":28908,"date":"2025-05-15T11:36:22","date_gmt":"2025-05-15T08:36:22","guid":{"rendered":"https:\/\/www.egemtv.com\/?p=28908"},"modified":"2025-05-15T11:36:27","modified_gmt":"2025-05-15T08:36:27","slug":"ispartada-4-ayda-285-yaralanmali-motosiklet-kazasi-meydana-geldi","status":"publish","type":"post","link":"https:\/\/www.egemtv.com\/?p=28908","title":{"rendered":"Isparta\u2019da 4 ayda 285 yaralanmal\u0131 motosiklet kazas\u0131 meydana geldi"},"content":{"rendered":"<p>Isparta\u2019da 2025 y\u0131l\u0131n\u0131n ilk 4 ay\u0131nda 285 yaralanmal\u0131 motosiklet kazas\u0131 meydana gelirken, a\u015f\u0131r\u0131 h\u0131z ve kural ihlalleri dikkat \u00e7ekti. 29 binden fazla motosiklet ve s\u00fcr\u00fcc\u00fc denetlenirken, 5 bin 545 s\u00fcr\u00fcc\u00fcye ceza kesildi, 509 motosiklet trafikten men edildi.<br \/>\n<br \/>Isparta\u2019da motosiklet kaynakl\u0131 trafik kazalar\u0131 ve denetim sonu\u00e7lar\u0131na dair veriler a\u00e7\u0131kland\u0131. \u0130l genelinde trafi\u011fe kay\u0131tl\u0131 69 bin motosiklet bulundu\u011fu belirtilirken, 2025 y\u0131l\u0131n\u0131n ilk d\u00f6rt ay\u0131nda 285 yaralanmal\u0131 motosiklet kazas\u0131 meydana geldi\u011fi bildirildi. Trafik Denetleme \u015eube M\u00fcd\u00fcrl\u00fc\u011f\u00fc verilerine g\u00f6re, bu kazalar\u0131n en b\u00fcy\u00fck nedenleri aras\u0131nda a\u015f\u0131r\u0131 h\u0131z, kav\u015faklara yakla\u015f\u0131rken yava\u015flamama ve ge\u00e7i\u015f \u00f6nceli\u011fine uymama gibi s\u00fcr\u00fcc\u00fc kaynakl\u0131 kural ihlalleri yer al\u0131yor.<\/p>\n<p>509 motosiklet trafikten men edildi<br \/>\n<br \/>Motosiklet kazalar\u0131n\u0131n \u00f6nlenmesi amac\u0131yla yap\u0131lan denetimlerde, 29 bin 167 motosiklet ve s\u00fcr\u00fcc\u00fcs\u00fc kontrol edilirken, kurallara uymayan 5 bin 545 s\u00fcr\u00fcc\u00fcye cezai i\u015flem uyguland\u0131. Ayr\u0131ca teknik veya hukuki yetersizlikler nedeniyle 509 motosiklet trafikten men edildi. Yetkililer, can g\u00fcvenli\u011fi a\u00e7\u0131s\u0131ndan s\u00fcr\u00fcc\u00fclerin mutlaka kask, reflekt\u00f6rl\u00fc yelek, koruyucu ekipman kullanmalar\u0131 gerekti\u011fini vurgulad\u0131.<\/p>\n","protected":false},"excerpt":{"rendered":"<p>Isparta\u2019da 2025 y\u0131l\u0131n\u0131n ilk 4 ay\u0131nda 285 yaralanmal\u0131 motosiklet kazas\u0131 meydana gelirken, a\u015f\u0131r\u0131 h\u0131z ve kural ihlalleri dikkat \u00e7ekti. 29 binden fazla motosiklet ve s\u00fcr\u00fcc\u00fc denetlenirken, 5 bin 545 s\u00fcr\u00fcc\u00fcye ceza kesildi, 509 motosiklet trafikten men edildi. Isparta\u2019da motosiklet kaynakl\u0131 trafik kazalar\u0131 ve denetim sonu\u00e7lar\u0131na dair veriler a\u00e7\u0131kland\u0131. \u0130l genelinde trafi\u011fe kay\u0131tl\u0131 69 bin motosiklet&#8230;<\/p>\n","protected":false},"author":1,"featured_media":28909,"comment_status":"open","ping_status":"open","sticky":false,"template":"","format":"standard","meta":{"_crdt_document":"","footnotes":""},"categories":[5],"tags":[],"class_list":["post-28908","post","type-post","status-publish","format-standard","has-post-thumbnail","hentry","category-asayis"],"_links":{"self":[{"href":"https:\/\/www.egemtv.com\/index.php?rest_route=\/wp\/v2\/posts\/28908","targetHints":{"allow":["GET"]}}],"collection":[{"href":"https:\/\/www.egemtv.com\/index.php?rest_route=\/wp\/v2\/posts"}],"about":[{"href":"https:\/\/www.egemtv.com\/index.php?rest_route=\/wp\/v2\/types\/post"}],"author":[{"embeddable":true,"href":"https:\/\/www.egemtv.com\/index.php?rest_route=\/wp\/v2\/users\/1"}],"replies":[{"embeddable":true,"href":"https:\/\/www.egemtv.com\/index.php?rest_route=%2Fwp%2Fv2%2Fcomments&post=28908"}],"version-history":[{"count":1,"href":"https:\/\/www.egemtv.com\/index.php?rest_route=\/wp\/v2\/posts\/28908\/revisions"}],"predecessor-version":[{"id":28910,"href":"https:\/\/www.egemtv.com\/index.php?rest_route=\/wp\/v2\/posts\/28908\/revisions\/28910"}],"wp:featuredmedia":[{"embeddable":true,"href":"https:\/\/www.egemtv.com\/index.php?rest_route=\/wp\/v2\/media\/28909"}],"wp:attachment":[{"href":"https:\/\/www.egemtv.com\/index.php?rest_route=%2Fwp%2Fv2%2Fmedia&parent=28908"}],"wp:term":[{"taxonomy":"category","embeddable":true,"href":"https:\/\/www.egemtv.com\/index.php?rest_route=%2Fwp%2Fv2%2Fcategories&post=28908"},{"taxonomy":"post_tag","embeddable":true,"href":"https:\/\/www.egemtv.com\/index.php?rest_route=%2Fwp%2Fv2%2Ftags&post=28908"}],"curies":[{"name":"wp","href":"https:\/\/api.w.org\/{rel}","templated":true}]}}