{"id":28905,"date":"2025-05-15T11:36:18","date_gmt":"2025-05-15T08:36:18","guid":{"rendered":"https:\/\/www.egemtv.com\/?p=28905"},"modified":"2025-05-15T11:36:22","modified_gmt":"2025-05-15T08:36:22","slug":"nazillide-genclik-haftasi-basladi","status":"publish","type":"post","link":"https:\/\/www.egemtv.com\/?p=28905","title":{"rendered":"Nazilli\u2019de Gen\u00e7lik Haftas\u0131 ba\u015flad\u0131"},"content":{"rendered":"<p>Nazilli\u2019de 19 May\u0131s Atat\u00fcrk\u2019\u00fc Anma, Gen\u00e7lik ve Spor Bayram\u0131 programlar\u0131, 15 May\u0131s Per\u015fembe g\u00fcn\u00fc Gen\u00e7lik Haftas\u0131\u2019n\u0131n ba\u015flamas\u0131 nedeniyle Nazilli Gen\u00e7lik Merkezi M\u00fcd\u00fcrl\u00fc\u011f\u00fcnce \u0130stasyon Meydan\u0131nda bulunan Atat\u00fcrk An\u0131t\u0131na \u00e7elenk koymas\u0131yla ba\u015flad\u0131.<br \/>\n<br \/>T\u00f6rene, Nazilli Gen\u00e7lik ve Spor \u0130l\u00e7e M\u00fcd\u00fcr\u00fc G\u00fcven Eker, Nazilli Gen\u00e7lik Merkezi M\u00fcd\u00fcr\u00fc \u00d6nder Baycan Ta\u015fdemir, \u0130l\u00e7e Sa\u011fl\u0131k M\u00fcd\u00fcr\u00fc \u015eule Akba\u015f ve \u00f6\u011frenciler kat\u0131ld\u0131. Nazilli Gen\u00e7lik Merkezi M\u00fcd\u00fcr\u00fc \u00d6nder Baycan Ta\u015fdemir\u2019in Ata\u2019ya \u00e7elenk sunmas\u0131, sayg\u0131 duru\u015fu ve \u0130stiklal Mar\u015f\u0131\u2019n\u0131n s\u00f6ylenmesi ile program sona erdi.<br \/>\n<br \/>Gen\u00e7lik Haftas\u0131 boyunca Gen\u00e7 K\u0131z-Erkek Y\u00fczme Yar\u0131\u015fmalar\u0131, Atletizm yar\u0131\u015fmalar\u0131, resim sergisi, Basketbol Turnuvas\u0131, Satran\u00e7 Turnuvas\u0131 ger\u00e7ekle\u015ftirilecek. 19 May\u0131s Pazartesi g\u00fcn\u00fc ise Gen\u00e7lik ve Spor \u0130l\u00e7e M\u00fcd\u00fcrl\u00fc\u011f\u00fc taraf\u0131ndan \u0130stasyon Meydan\u0131\u2019nda bulunan Atat\u00fcrk An\u0131t\u0131\u2019na \u00e7elenk konulacak. Ard\u0131ndan program il\u00e7e stadyumunda devam edecek. Stadyumdaki kutlama program\u0131 sonunda stadyum kav\u015fa\u011f\u0131ndan ba\u015flay\u0131p \u0130stasyon Meydan\u0131\u2019nda Atat\u00fcrk An\u0131t\u0131nda bitecek olan protokol\u00fcn ve halk\u0131n kat\u0131l\u0131m\u0131 ile Gen\u00e7lik Y\u00fcr\u00fcy\u00fc\u015f\u00fc yap\u0131lacak. Ayr\u0131ca bisiklet \u015fenli\u011fi ger\u00e7ekle\u015ftirilecek.<br \/><\/p>\n","protected":false},"excerpt":{"rendered":"<p>Nazilli\u2019de 19 May\u0131s Atat\u00fcrk\u2019\u00fc Anma, Gen\u00e7lik ve Spor Bayram\u0131 programlar\u0131, 15 May\u0131s Per\u015fembe g\u00fcn\u00fc Gen\u00e7lik Haftas\u0131\u2019n\u0131n ba\u015flamas\u0131 nedeniyle Nazilli Gen\u00e7lik Merkezi M\u00fcd\u00fcrl\u00fc\u011f\u00fcnce \u0130stasyon Meydan\u0131nda bulunan Atat\u00fcrk An\u0131t\u0131na \u00e7elenk koymas\u0131yla ba\u015flad\u0131. T\u00f6rene, Nazilli Gen\u00e7lik ve Spor \u0130l\u00e7e M\u00fcd\u00fcr\u00fc G\u00fcven Eker, Nazilli Gen\u00e7lik Merkezi M\u00fcd\u00fcr\u00fc \u00d6nder Baycan Ta\u015fdemir, \u0130l\u00e7e Sa\u011fl\u0131k M\u00fcd\u00fcr\u00fc \u015eule Akba\u015f ve \u00f6\u011frenciler kat\u0131ld\u0131. Nazilli&#8230;<\/p>\n","protected":false},"author":1,"featured_media":28906,"comment_status":"open","ping_status":"open","sticky":false,"template":"","format":"standard","meta":{"_crdt_document":"","footnotes":""},"categories":[1],"tags":[],"class_list":["post-28905","post","type-post","status-publish","format-standard","has-post-thumbnail","hentry","category-guncel"],"_links":{"self":[{"href":"https:\/\/www.egemtv.com\/index.php?rest_route=\/wp\/v2\/posts\/28905","targetHints":{"allow":["GET"]}}],"collection":[{"href":"https:\/\/www.egemtv.com\/index.php?rest_route=\/wp\/v2\/posts"}],"about":[{"href":"https:\/\/www.egemtv.com\/index.php?rest_route=\/wp\/v2\/types\/post"}],"author":[{"embeddable":true,"href":"https:\/\/www.egemtv.com\/index.php?rest_route=\/wp\/v2\/users\/1"}],"replies":[{"embeddable":true,"href":"https:\/\/www.egemtv.com\/index.php?rest_route=%2Fwp%2Fv2%2Fcomments&post=28905"}],"version-history":[{"count":1,"href":"https:\/\/www.egemtv.com\/index.php?rest_route=\/wp\/v2\/posts\/28905\/revisions"}],"predecessor-version":[{"id":28907,"href":"https:\/\/www.egemtv.com\/index.php?rest_route=\/wp\/v2\/posts\/28905\/revisions\/28907"}],"wp:featuredmedia":[{"embeddable":true,"href":"https:\/\/www.egemtv.com\/index.php?rest_route=\/wp\/v2\/media\/28906"}],"wp:attachment":[{"href":"https:\/\/www.egemtv.com\/index.php?rest_route=%2Fwp%2Fv2%2Fmedia&parent=28905"}],"wp:term":[{"taxonomy":"category","embeddable":true,"href":"https:\/\/www.egemtv.com\/index.php?rest_route=%2Fwp%2Fv2%2Fcategories&post=28905"},{"taxonomy":"post_tag","embeddable":true,"href":"https:\/\/www.egemtv.com\/index.php?rest_route=%2Fwp%2Fv2%2Ftags&post=28905"}],"curies":[{"name":"wp","href":"https:\/\/api.w.org\/{rel}","templated":true}]}}