{"id":28899,"date":"2025-05-15T11:36:10","date_gmt":"2025-05-15T08:36:10","guid":{"rendered":"https:\/\/www.egemtv.com\/?p=28899"},"modified":"2025-05-15T11:36:14","modified_gmt":"2025-05-15T08:36:14","slug":"kutahyada-turkiyenin-siyasi-hayatinda-beyaz-devrim-konulu-panel","status":"publish","type":"post","link":"https:\/\/www.egemtv.com\/?p=28899","title":{"rendered":"K\u00fctahya\u2019da &#8220;T\u00fcrkiye\u2019nin Siyasi Hayat\u0131nda Beyaz Devrim&#8221; konulu panel"},"content":{"rendered":"<p>K\u00fctahya Dumlup\u0131nar \u00dcniversitesi\u2019nde (DP\u00dc) d\u00fczenlenen &#8220;T\u00fcrkiye\u2019nin Siyasi Hayat\u0131nda Beyaz Devrim&#8221; konulu panele, Uygulama ve Ara\u015ft\u0131rma Merkezleri Koordinat\u00f6rl\u00fc\u011f\u00fc Konferans Salonu ev sahipli\u011fi yapt\u0131.<br \/>\n<br \/>DP\u00dc\u2019de T\u00fcrkiye\u2019nin Siyasi Hayat\u0131nda Beyaz Devrim: Demokrat Parti\u2019nin 14 May\u0131s 1950 Zaferi ve K\u00fctahya ba\u015fl\u0131kl\u0131 panel d\u00fczenlendi. Uygulama ve Ara\u015ft\u0131rma Merkezleri Koordinat\u00f6rl\u00fc\u011f\u00fc Konferans Salonu\u2019nda ger\u00e7ekle\u015ftirilen etkinli\u011fe akademik ve idari personel ile \u00f6\u011frencileri kat\u0131ld\u0131.<br \/>\n<br \/>Prof. Dr. H\u00fcseyin \u015eeyhanl\u0131o\u011flu\u2019nun moderat\u00f6rl\u00fc\u011f\u00fcn\u00fc \u00fcstlendi\u011fi panelde konu\u015fmac\u0131lardan Prof. Dr. Haluk Alkan, T\u00fcrk siyasi tarihi i\u00e7inde Demokrat Parti\u2019nin nas\u0131l bir yer tuttu\u011fundan s\u00f6z etti. Prof. Dr. Turan Akkoyun, Mehmet Fuat K\u00f6pr\u00fcl\u00fc ile Adnan Menderes ili\u015fkisi, K\u0131br\u0131s sorununun temelleri, Demokrat Parti d\u00f6nemiden bug\u00fcne T\u00fcrkiye\u2019nin T\u00fcrk d\u00fcnyas\u0131 ile ili\u015fkileri hakk\u0131nda de\u011ferlendirmelerde bulundu. Etkinli\u011fe \u00e7evrim i\u00e7i olarak akt\u0131lan Do\u00e7. Dr. Furkan Kaya ise 14 May\u0131s 1950 se\u00e7imlerinin T\u00fcrkiye\u2019nin demokratikle\u015fme s\u00fcrecindeki rol\u00fcn\u00fc ve K\u00fctahya\u2019daki yans\u0131malar\u0131n\u0131 aktard\u0131.<br \/>\n<br \/>Panel, soru-cevap b\u00f6l\u00fcm\u00fcn\u00fcn ard\u0131ndan konu\u015fmac\u0131lara te\u015fekk\u00fcr edilmesi ve hat\u0131ra foto\u011fraf\u0131 \u00e7ekilmesiyle sona erdi.<br \/><\/p>\n","protected":false},"excerpt":{"rendered":"<p>K\u00fctahya Dumlup\u0131nar \u00dcniversitesi\u2019nde (DP\u00dc) d\u00fczenlenen &#8220;T\u00fcrkiye\u2019nin Siyasi Hayat\u0131nda Beyaz Devrim&#8221; konulu panele, Uygulama ve Ara\u015ft\u0131rma Merkezleri Koordinat\u00f6rl\u00fc\u011f\u00fc Konferans Salonu ev sahipli\u011fi yapt\u0131. DP\u00dc\u2019de T\u00fcrkiye\u2019nin Siyasi Hayat\u0131nda Beyaz Devrim: Demokrat Parti\u2019nin 14 May\u0131s 1950 Zaferi ve K\u00fctahya ba\u015fl\u0131kl\u0131 panel d\u00fczenlendi. Uygulama ve Ara\u015ft\u0131rma Merkezleri Koordinat\u00f6rl\u00fc\u011f\u00fc Konferans Salonu\u2019nda ger\u00e7ekle\u015ftirilen etkinli\u011fe akademik ve idari personel ile \u00f6\u011frencileri kat\u0131ld\u0131&#8230;.<\/p>\n","protected":false},"author":1,"featured_media":28900,"comment_status":"open","ping_status":"open","sticky":false,"template":"","format":"standard","meta":{"_crdt_document":"","footnotes":""},"categories":[123],"tags":[],"class_list":["post-28899","post","type-post","status-publish","format-standard","has-post-thumbnail","hentry","category-gundem"],"_links":{"self":[{"href":"https:\/\/www.egemtv.com\/index.php?rest_route=\/wp\/v2\/posts\/28899","targetHints":{"allow":["GET"]}}],"collection":[{"href":"https:\/\/www.egemtv.com\/index.php?rest_route=\/wp\/v2\/posts"}],"about":[{"href":"https:\/\/www.egemtv.com\/index.php?rest_route=\/wp\/v2\/types\/post"}],"author":[{"embeddable":true,"href":"https:\/\/www.egemtv.com\/index.php?rest_route=\/wp\/v2\/users\/1"}],"replies":[{"embeddable":true,"href":"https:\/\/www.egemtv.com\/index.php?rest_route=%2Fwp%2Fv2%2Fcomments&post=28899"}],"version-history":[{"count":1,"href":"https:\/\/www.egemtv.com\/index.php?rest_route=\/wp\/v2\/posts\/28899\/revisions"}],"predecessor-version":[{"id":28901,"href":"https:\/\/www.egemtv.com\/index.php?rest_route=\/wp\/v2\/posts\/28899\/revisions\/28901"}],"wp:featuredmedia":[{"embeddable":true,"href":"https:\/\/www.egemtv.com\/index.php?rest_route=\/wp\/v2\/media\/28900"}],"wp:attachment":[{"href":"https:\/\/www.egemtv.com\/index.php?rest_route=%2Fwp%2Fv2%2Fmedia&parent=28899"}],"wp:term":[{"taxonomy":"category","embeddable":true,"href":"https:\/\/www.egemtv.com\/index.php?rest_route=%2Fwp%2Fv2%2Fcategories&post=28899"},{"taxonomy":"post_tag","embeddable":true,"href":"https:\/\/www.egemtv.com\/index.php?rest_route=%2Fwp%2Fv2%2Ftags&post=28899"}],"curies":[{"name":"wp","href":"https:\/\/api.w.org\/{rel}","templated":true}]}}