{"id":28896,"date":"2025-05-15T11:36:05","date_gmt":"2025-05-15T08:36:05","guid":{"rendered":"https:\/\/www.egemtv.com\/?p=28896"},"modified":"2025-05-15T11:36:10","modified_gmt":"2025-05-15T08:36:10","slug":"aydinda-egitimcilere-yapay-zeka-araclarinin-kullanimi-semineri","status":"publish","type":"post","link":"https:\/\/www.egemtv.com\/?p=28896","title":{"rendered":"Ayd\u0131n\u2019da e\u011fitimcilere \u2018yapay zeka ara\u00e7lar\u0131n\u0131n kullan\u0131m\u0131\u2019 semineri"},"content":{"rendered":"<p>E\u011fitim d\u00fcnyas\u0131n\u0131n gelece\u011fini \u015fekillendirecek teknolojik d\u00f6n\u00fc\u015f\u00fcm, Ayd\u0131n\u2019da d\u00fczenlenen bir etkinlikle mercek alt\u0131na al\u0131nd\u0131. Efeler \u0130l\u00e7e Milli E\u011fitim M\u00fcd\u00fcrl\u00fc\u011f\u00fc Bilim Akademisi taraf\u0131ndan Ayd\u0131n Y\u00fcksek Teknoloji Koleji\u2019nde ger\u00e7ekle\u015ftirilen &#8220;Beceri Kazand\u0131rmada Yapay Zeka Ara\u00e7lar\u0131n\u0131n Kullan\u0131m\u0131&#8221; semineri, e\u011fitimcilere farkl\u0131 bak\u0131\u015f a\u00e7\u0131s\u0131 sundu.<br \/>\n<br \/>\u0130nsanl\u0131k tarihinin en h\u0131zl\u0131 teknolojik de\u011fi\u015fim s\u00fcrecinde, yapay zeka ara\u00e7lar\u0131n\u0131n art\u0131k i\u00e7erik \u00fcretmenin \u00f6tesine ge\u00e7erek &#8220;Yapay Zeka Ajanlar\u0131&#8221; ad\u0131yla hayat\u0131m\u0131zda aktif rol almaya ba\u015flad\u0131\u011f\u0131 belirtildi. Bu geli\u015fmelerin e\u011fitim d\u00fcnyas\u0131ndaki yans\u0131malar\u0131 d\u00fczenlenen seminerde ele al\u0131nd\u0131. Efeler \u0130l\u00e7e Milli E\u011fitim M\u00fcd\u00fcr\u00fc Hakan \u00d6zcan seminerde yapt\u0131\u011f\u0131 konu\u015fmada, &#8220;G\u00fcn\u00fcm\u00fczde \u00f6\u011fretmenlerimizin dijital yetkinliklerle donat\u0131lmas\u0131, modern e\u011fitim anlay\u0131\u015f\u0131n\u0131n vazge\u00e7ilmez bir par\u00e7as\u0131d\u0131r. T\u00fcrkiye Y\u00fczy\u0131l\u0131 Maarif Modelinde de \u00f6zellikle vurgulanan beceri kazan\u0131m\u0131n\u0131n \u00f6nemi, yapay zeka gibi yenilik\u00e7i ara\u00e7larla desteklendi\u011finde \u00e7ok daha etkili sonu\u00e7lar do\u011furacakt\u0131r. Bu t\u00fcr etkinliklerle e\u011fitimcilerimizin teknolojik geli\u015fmeleri yak\u0131ndan takip etmelerini ve s\u0131n\u0131f i\u00e7i uygulamalara d\u00f6n\u00fc\u015ft\u00fcrmelerini ama\u00e7l\u0131yoruz&#8221; dedi.<br \/>\n<br \/>&#8220;Yapay zekay\u0131 kullan\u0131rken etik de\u011ferler g\u00f6z ard\u0131 edilmemeli&#8221;<br \/>\n<br \/>Seminerde sunum yapan Ayd\u0131n Y\u00fcksek Teknoloji Koleji Okul Koordinat\u00f6r\u00fc Dr. Ramazan Ba\u015faran, ortaokul \u00f6\u011fretmenlerine yapay zekan\u0131n e\u011fitim d\u00fcnyas\u0131nda sundu\u011fu f\u0131rsatlar\u0131 ve dikkat edilmesi gereken noktalar\u0131 anlatt\u0131. Dr. Ba\u015faran, &#8220;Yapay zeka teknolojileri, \u00f6\u011frencilerin beceri geli\u015fiminde \u00e7\u0131\u011f\u0131r a\u00e7\u0131c\u0131 katk\u0131lar sa\u011flama potansiyeline sahip. Ancak bu ara\u00e7lar\u0131 kullan\u0131rken etik ilkeleri g\u00f6z ard\u0131 etmemeliyiz. Amac\u0131m\u0131z \u00f6\u011fretmenlerin yerini doldurmak de\u011fil, onlar\u0131 destekleyerek e\u011fitim kalitesini y\u00fckseltmektir&#8221; dedi.<br \/>\n<br \/>Etkinlikte ayr\u0131ca, yapay zeka teknolojilerinin e\u011fitime entegrasyonu konusunda daha fazla ara\u015ft\u0131rmaya ihtiya\u00e7 duyuldu\u011fu vurguland\u0131. Dr. Ba\u015faran, \u00f6\u011fretmenlerin bu yeni teknolojileri s\u0131n\u0131f i\u00e7i uygulamalarda nas\u0131l etkili kullanabilecekleri konusunda pratik \u00f6neriler sundu.<br \/>\n<br \/>Seminere kat\u0131lan e\u011fitimciler, yapay zeka destekli e\u011fitim modellerinin \u00f6\u011frenci ba\u015far\u0131s\u0131 \u00fczerindeki olas\u0131 etkileri ve f\u0131rsat e\u015fitli\u011fine katk\u0131s\u0131 hakk\u0131nda g\u00f6r\u00fc\u015f al\u0131\u015fveri\u015finde bulundu.<br \/><\/p>\n","protected":false},"excerpt":{"rendered":"<p>E\u011fitim d\u00fcnyas\u0131n\u0131n gelece\u011fini \u015fekillendirecek teknolojik d\u00f6n\u00fc\u015f\u00fcm, Ayd\u0131n\u2019da d\u00fczenlenen bir etkinlikle mercek alt\u0131na al\u0131nd\u0131. Efeler \u0130l\u00e7e Milli E\u011fitim M\u00fcd\u00fcrl\u00fc\u011f\u00fc Bilim Akademisi taraf\u0131ndan Ayd\u0131n Y\u00fcksek Teknoloji Koleji\u2019nde ger\u00e7ekle\u015ftirilen &#8220;Beceri Kazand\u0131rmada Yapay Zeka Ara\u00e7lar\u0131n\u0131n Kullan\u0131m\u0131&#8221; semineri, e\u011fitimcilere farkl\u0131 bak\u0131\u015f a\u00e7\u0131s\u0131 sundu. \u0130nsanl\u0131k tarihinin en h\u0131zl\u0131 teknolojik de\u011fi\u015fim s\u00fcrecinde, yapay zeka ara\u00e7lar\u0131n\u0131n art\u0131k i\u00e7erik \u00fcretmenin \u00f6tesine ge\u00e7erek &#8220;Yapay Zeka&#8230;<\/p>\n","protected":false},"author":1,"featured_media":28897,"comment_status":"open","ping_status":"open","sticky":false,"template":"","format":"standard","meta":{"_crdt_document":"","footnotes":""},"categories":[1],"tags":[],"class_list":["post-28896","post","type-post","status-publish","format-standard","has-post-thumbnail","hentry","category-guncel"],"_links":{"self":[{"href":"https:\/\/www.egemtv.com\/index.php?rest_route=\/wp\/v2\/posts\/28896","targetHints":{"allow":["GET"]}}],"collection":[{"href":"https:\/\/www.egemtv.com\/index.php?rest_route=\/wp\/v2\/posts"}],"about":[{"href":"https:\/\/www.egemtv.com\/index.php?rest_route=\/wp\/v2\/types\/post"}],"author":[{"embeddable":true,"href":"https:\/\/www.egemtv.com\/index.php?rest_route=\/wp\/v2\/users\/1"}],"replies":[{"embeddable":true,"href":"https:\/\/www.egemtv.com\/index.php?rest_route=%2Fwp%2Fv2%2Fcomments&post=28896"}],"version-history":[{"count":1,"href":"https:\/\/www.egemtv.com\/index.php?rest_route=\/wp\/v2\/posts\/28896\/revisions"}],"predecessor-version":[{"id":28898,"href":"https:\/\/www.egemtv.com\/index.php?rest_route=\/wp\/v2\/posts\/28896\/revisions\/28898"}],"wp:featuredmedia":[{"embeddable":true,"href":"https:\/\/www.egemtv.com\/index.php?rest_route=\/wp\/v2\/media\/28897"}],"wp:attachment":[{"href":"https:\/\/www.egemtv.com\/index.php?rest_route=%2Fwp%2Fv2%2Fmedia&parent=28896"}],"wp:term":[{"taxonomy":"category","embeddable":true,"href":"https:\/\/www.egemtv.com\/index.php?rest_route=%2Fwp%2Fv2%2Fcategories&post=28896"},{"taxonomy":"post_tag","embeddable":true,"href":"https:\/\/www.egemtv.com\/index.php?rest_route=%2Fwp%2Fv2%2Ftags&post=28896"}],"curies":[{"name":"wp","href":"https:\/\/api.w.org\/{rel}","templated":true}]}}