{"id":28893,"date":"2025-05-15T11:16:04","date_gmt":"2025-05-15T08:16:04","guid":{"rendered":"https:\/\/www.egemtv.com\/?p=28893"},"modified":"2025-05-15T11:16:08","modified_gmt":"2025-05-15T08:16:08","slug":"sahte-kimlikle-tekne-kiralamaya-calisan-duzensiz-gocmen-yakalandi","status":"publish","type":"post","link":"https:\/\/www.egemtv.com\/?p=28893","title":{"rendered":"Sahte kimlikle tekne kiralamaya \u00e7al\u0131\u015fan d\u00fczensiz g\u00f6\u00e7men yakaland\u0131"},"content":{"rendered":"<p>Ayd\u0131n \u0130l Jandarma Komutanl\u0131\u011f\u0131 G\u00f6\u00e7men Ka\u00e7ak\u00e7\u0131l\u0131\u011f\u0131 ve \u0130nsan Ticareti (GK\u0130T) ekipleri ile Ku\u015fadas\u0131 \u0130l\u00e7e Jandarma Komutanl\u0131\u011f\u0131\u2019n\u0131n koordineli \u00e7al\u0131\u015fmas\u0131 sonucu sahte kimlikle tekne kiralamaya \u00e7al\u0131\u015fan d\u00fczensiz g\u00f6\u00e7men yakaland\u0131.<\/p>\n<p>Olay, Ku\u015fadas\u0131\u2019n\u0131n G\u00fczel\u00e7aml\u0131 Mahallesi\u2019nde meydana geldi. Edinilen bilgiye g\u00f6re, yap\u0131lan istihbari \u00e7al\u0131\u015fmalar neticesinde iki \u015f\u00fcpheli \u015fahs\u0131n b\u00f6lgede tekne kiralama amac\u0131yla ara\u015ft\u0131rma yapt\u0131klar\u0131 tespit edildi. Jandarma ekiplerinin m\u00fcdahalesiyle yakalanan \u015fah\u0131slar, B.C. ve Y.C. ad\u0131na d\u00fczenlenmi\u015f T\u00fcrk vatanda\u015flar\u0131na ait kimlikleri ibraz etti. Yap\u0131lan detayl\u0131 inceleme ve m\u00fclakat sonucunda Y.C., arkada\u015f\u0131 B.C.\u2019nin k\u0131z arkada\u015f\u0131na evlilik teklifi yapmak amac\u0131yla teknede organizasyon planlad\u0131klar\u0131 ve 2022 y\u0131l\u0131nda T\u00fcrkiye\u2019de oturum izni sona eren A.Y.E.V. isimli d\u00fczensiz g\u00f6\u00e7men oldu\u011fu belirlendi. Ger\u00e7ek kimli\u011fi tespit edilen A.Y.E.V. gerekli i\u015flemlerin ard\u0131ndan G\u00f6\u00e7men Ka\u00e7ak\u00e7\u0131l\u0131\u011f\u0131yla M\u00fccadele (G\u00d6KSEM) ekiplerine teslim edilirken, \u015eahsa ayr\u0131ca 32.864 TL idari para cezas\u0131 uyguland\u0131\u011f\u0131 \u00f6\u011frenildi.<br \/><\/p>\n","protected":false},"excerpt":{"rendered":"<p>Ayd\u0131n \u0130l Jandarma Komutanl\u0131\u011f\u0131 G\u00f6\u00e7men Ka\u00e7ak\u00e7\u0131l\u0131\u011f\u0131 ve \u0130nsan Ticareti (GK\u0130T) ekipleri ile Ku\u015fadas\u0131 \u0130l\u00e7e Jandarma Komutanl\u0131\u011f\u0131\u2019n\u0131n koordineli \u00e7al\u0131\u015fmas\u0131 sonucu sahte kimlikle tekne kiralamaya \u00e7al\u0131\u015fan d\u00fczensiz g\u00f6\u00e7men yakaland\u0131. Olay, Ku\u015fadas\u0131\u2019n\u0131n G\u00fczel\u00e7aml\u0131 Mahallesi\u2019nde meydana geldi. Edinilen bilgiye g\u00f6re, yap\u0131lan istihbari \u00e7al\u0131\u015fmalar neticesinde iki \u015f\u00fcpheli \u015fahs\u0131n b\u00f6lgede tekne kiralama amac\u0131yla ara\u015ft\u0131rma yapt\u0131klar\u0131 tespit edildi. Jandarma ekiplerinin m\u00fcdahalesiyle yakalanan&#8230;<\/p>\n","protected":false},"author":1,"featured_media":28894,"comment_status":"open","ping_status":"open","sticky":false,"template":"","format":"standard","meta":{"_crdt_document":"","footnotes":""},"categories":[5],"tags":[],"class_list":["post-28893","post","type-post","status-publish","format-standard","has-post-thumbnail","hentry","category-asayis"],"_links":{"self":[{"href":"https:\/\/www.egemtv.com\/index.php?rest_route=\/wp\/v2\/posts\/28893","targetHints":{"allow":["GET"]}}],"collection":[{"href":"https:\/\/www.egemtv.com\/index.php?rest_route=\/wp\/v2\/posts"}],"about":[{"href":"https:\/\/www.egemtv.com\/index.php?rest_route=\/wp\/v2\/types\/post"}],"author":[{"embeddable":true,"href":"https:\/\/www.egemtv.com\/index.php?rest_route=\/wp\/v2\/users\/1"}],"replies":[{"embeddable":true,"href":"https:\/\/www.egemtv.com\/index.php?rest_route=%2Fwp%2Fv2%2Fcomments&post=28893"}],"version-history":[{"count":1,"href":"https:\/\/www.egemtv.com\/index.php?rest_route=\/wp\/v2\/posts\/28893\/revisions"}],"predecessor-version":[{"id":28895,"href":"https:\/\/www.egemtv.com\/index.php?rest_route=\/wp\/v2\/posts\/28893\/revisions\/28895"}],"wp:featuredmedia":[{"embeddable":true,"href":"https:\/\/www.egemtv.com\/index.php?rest_route=\/wp\/v2\/media\/28894"}],"wp:attachment":[{"href":"https:\/\/www.egemtv.com\/index.php?rest_route=%2Fwp%2Fv2%2Fmedia&parent=28893"}],"wp:term":[{"taxonomy":"category","embeddable":true,"href":"https:\/\/www.egemtv.com\/index.php?rest_route=%2Fwp%2Fv2%2Fcategories&post=28893"},{"taxonomy":"post_tag","embeddable":true,"href":"https:\/\/www.egemtv.com\/index.php?rest_route=%2Fwp%2Fv2%2Ftags&post=28893"}],"curies":[{"name":"wp","href":"https:\/\/api.w.org\/{rel}","templated":true}]}}