{"id":28890,"date":"2025-05-15T11:15:59","date_gmt":"2025-05-15T08:15:59","guid":{"rendered":"https:\/\/www.egemtv.com\/?p=28890"},"modified":"2025-05-15T11:16:04","modified_gmt":"2025-05-15T08:16:04","slug":"kutahyada-buyuk-aile-yuruyusu-duzenlendi","status":"publish","type":"post","link":"https:\/\/www.egemtv.com\/?p=28890","title":{"rendered":"K\u00fctahya\u2019da &#8220;B\u00fcy\u00fck Aile Y\u00fcr\u00fcy\u00fc\u015f\u00fc&#8221; d\u00fczenlendi"},"content":{"rendered":"<p>K\u00fctahya\u2019da, &#8220;Ailemiz Gelece\u011fimiz&#8221; temas\u0131yla &#8220;B\u00fcy\u00fck Aile Y\u00fcr\u00fcy\u00fc\u015f\u00fc&#8221; ger\u00e7ekle\u015ftirildi.<br \/>\n<br \/>Karag\u00f6z Ahmet Pa\u015fa Camii \u00f6n\u00fcnden ba\u015flayan y\u00fcr\u00fcy\u00fc\u015f, Zafer Meydan\u0131\u2019nda sona erdi. Etkinlik, 15 May\u0131s Uluslararas\u0131 Aile G\u00fcn\u00fc\u2019n\u00fc i\u00e7ine alan &#8220;Aile Haftas\u0131&#8221; kapsam\u0131nda d\u00fczenlendi. Y\u00fcr\u00fcy\u00fc\u015fe \u00e7ok say\u0131da vatanda\u015f kat\u0131l\u0131rken, etkinli\u011fe ili\u015fkin a\u00e7\u0131klamalarda bulunan K\u00fctahya Aile ve Sosyal Hizmetler \u0130l M\u00fcd\u00fcr\u00fc \u00dclk\u00fc Uslu, 2024 y\u0131l\u0131n\u0131n &#8220;Aile Y\u0131l\u0131&#8221; ilan edilmesiyle birlikte t\u00fcm kurumlar\u0131n i\u015f birli\u011fi i\u00e7inde yo\u011fun faaliyetler y\u00fcr\u00fctt\u00fc\u011f\u00fcn\u00fc ifade etti. M\u00fcd\u00fcr Uslu, &#8220;Bug\u00fcnk\u00fc etkinli\u011fimizde, 81 ilde e\u015f zamanl\u0131 olarak ba\u015flatt\u0131\u011f\u0131m\u0131z fark\u0131ndal\u0131k y\u00fcr\u00fcy\u00fc\u015f\u00fcm\u00fcz\u00fc saat 10.00\u2019da ger\u00e7ekle\u015ftirdik. Faaliyetlerimiz artarak devam edecek. Vatanda\u015flar\u0131m\u0131z\u0131 sosyal medya hesaplar\u0131m\u0131zdan ve Cumhurba\u015fkanl\u0131\u011f\u0131m\u0131z\u0131n bu y\u0131la \u00f6zel haz\u0131rlad\u0131\u011f\u0131 web sayfas\u0131ndan bilgilendirmeye devam ediyoruz. Ailemiz gelece\u011fimizdir, de\u011ferimizdir, k\u0131ymetlimizdir. Ailede huzurun s\u00fcrd\u00fcr\u00fclebilirli\u011fi i\u00e7in hep birlikte gayret g\u00f6steriyoruz&#8221; dedi.<br \/>\n<br \/>Yo\u011fun kat\u0131l\u0131mdan memnuniyet duyduklar\u0131n\u0131 belirten Uslu, t\u00fcm kat\u0131l\u0131mc\u0131lara te\u015fekk\u00fcr etti.<br \/><\/p>\n","protected":false},"excerpt":{"rendered":"<p>K\u00fctahya\u2019da, &#8220;Ailemiz Gelece\u011fimiz&#8221; temas\u0131yla &#8220;B\u00fcy\u00fck Aile Y\u00fcr\u00fcy\u00fc\u015f\u00fc&#8221; ger\u00e7ekle\u015ftirildi. Karag\u00f6z Ahmet Pa\u015fa Camii \u00f6n\u00fcnden ba\u015flayan y\u00fcr\u00fcy\u00fc\u015f, Zafer Meydan\u0131\u2019nda sona erdi. Etkinlik, 15 May\u0131s Uluslararas\u0131 Aile G\u00fcn\u00fc\u2019n\u00fc i\u00e7ine alan &#8220;Aile Haftas\u0131&#8221; kapsam\u0131nda d\u00fczenlendi. Y\u00fcr\u00fcy\u00fc\u015fe \u00e7ok say\u0131da vatanda\u015f kat\u0131l\u0131rken, etkinli\u011fe ili\u015fkin a\u00e7\u0131klamalarda bulunan K\u00fctahya Aile ve Sosyal Hizmetler \u0130l M\u00fcd\u00fcr\u00fc \u00dclk\u00fc Uslu, 2024 y\u0131l\u0131n\u0131n &#8220;Aile Y\u0131l\u0131&#8221; ilan edilmesiyle&#8230;<\/p>\n","protected":false},"author":1,"featured_media":28891,"comment_status":"open","ping_status":"open","sticky":false,"template":"","format":"standard","meta":{"_crdt_document":"","footnotes":""},"categories":[123],"tags":[],"class_list":["post-28890","post","type-post","status-publish","format-standard","has-post-thumbnail","hentry","category-gundem"],"_links":{"self":[{"href":"https:\/\/www.egemtv.com\/index.php?rest_route=\/wp\/v2\/posts\/28890","targetHints":{"allow":["GET"]}}],"collection":[{"href":"https:\/\/www.egemtv.com\/index.php?rest_route=\/wp\/v2\/posts"}],"about":[{"href":"https:\/\/www.egemtv.com\/index.php?rest_route=\/wp\/v2\/types\/post"}],"author":[{"embeddable":true,"href":"https:\/\/www.egemtv.com\/index.php?rest_route=\/wp\/v2\/users\/1"}],"replies":[{"embeddable":true,"href":"https:\/\/www.egemtv.com\/index.php?rest_route=%2Fwp%2Fv2%2Fcomments&post=28890"}],"version-history":[{"count":1,"href":"https:\/\/www.egemtv.com\/index.php?rest_route=\/wp\/v2\/posts\/28890\/revisions"}],"predecessor-version":[{"id":28892,"href":"https:\/\/www.egemtv.com\/index.php?rest_route=\/wp\/v2\/posts\/28890\/revisions\/28892"}],"wp:featuredmedia":[{"embeddable":true,"href":"https:\/\/www.egemtv.com\/index.php?rest_route=\/wp\/v2\/media\/28891"}],"wp:attachment":[{"href":"https:\/\/www.egemtv.com\/index.php?rest_route=%2Fwp%2Fv2%2Fmedia&parent=28890"}],"wp:term":[{"taxonomy":"category","embeddable":true,"href":"https:\/\/www.egemtv.com\/index.php?rest_route=%2Fwp%2Fv2%2Fcategories&post=28890"},{"taxonomy":"post_tag","embeddable":true,"href":"https:\/\/www.egemtv.com\/index.php?rest_route=%2Fwp%2Fv2%2Ftags&post=28890"}],"curies":[{"name":"wp","href":"https:\/\/api.w.org\/{rel}","templated":true}]}}