{"id":28884,"date":"2025-05-15T11:15:50","date_gmt":"2025-05-15T08:15:50","guid":{"rendered":"https:\/\/www.egemtv.com\/?p=28884"},"modified":"2025-05-15T11:15:58","modified_gmt":"2025-05-15T08:15:58","slug":"doc-dr-sinem-unaldilar-turkiye-arabulucu-kimligiyle-yeniden-pozisyon-aliyor","status":"publish","type":"post","link":"https:\/\/www.egemtv.com\/?p=28884","title":{"rendered":"Do\u00e7. Dr. Sinem \u00dcnald\u0131lar: &#8220;T\u00fcrkiye, arabulucu kimli\u011fiyle yeniden pozisyon al\u0131yor&#8221;"},"content":{"rendered":"<p>Ege \u00dcniversitesi \u0130ktisadi ve \u0130dari Bilimler Fak\u00fcltesi Uluslararas\u0131 \u0130li\u015fkiler B\u00f6l\u00fcm\u00fc \u00f6\u011fretim \u00fcyesi Do\u00e7. Dr. Sinem \u00dcnald\u0131lar, Avrupa Birli\u011fi ile ili\u015fkilerinde sorunlar ya\u015fam\u0131\u015f bir \u00fclke olarak T\u00fcrkiye\u2019nin, g\u00fcvenlik ve savunma konular\u0131ndaki yetkinli\u011fi sayesinde \u00f6nemli bir akt\u00f6r oldu\u011funu belirtti.<br \/>\n<br \/>Do\u00e7. Dr. Sinem \u00dcnald\u0131lar d\u0131\u015f politikan\u0131n s\u0131cak g\u00fcndemi Rusya-Ukrayna-T\u00fcrkiye ili\u015fkileri konusunda de\u011ferlendirmelerde bulundu. Do\u00e7. Dr. \u00dcnald\u0131lar, T\u00fcrkiye\u2019nin uluslararas\u0131 sistemdeki stratejik rol\u00fcne dikkat \u00e7ekti.<br \/>\n<br \/>T\u00fcrkiye\u2019nin, Rusya- Ukrayna sorununda iki tarafla da konu\u015fabilen nadir akt\u00f6rlerden biri oldu\u011funu dile getiren Do\u00e7. Dr. \u00dcnald\u0131lar, &#8220;T\u00fcrkiye, sava\u015f\u0131n ilk g\u00fcnlerinden bu yana Rusya-Ukrayna krizinde aktif bir arabuluculuk rol\u00fc \u00fcstleniyor. Bu \u00e7aba, T\u00fcrkiye\u2019nin uzun s\u00fcredir uluslararas\u0131 d\u00fczeyde emek verdi\u011fi bir pozisyon. 2022\u2019deki Antalya Diplomasi Forumu\u2019nda Lavrov ve Zelenski\u2019yi bir araya getiren bir g\u00f6r\u00fc\u015fme ger\u00e7ekle\u015fmi\u015fti. \u0130stanbul\u2019da ger\u00e7ekle\u015fecek olan bar\u0131\u015f g\u00f6r\u00fc\u015fmeleri ve tah\u0131l koridoru giri\u015fimiyle T\u00fcrkiye, diplomatik kapasitesini bir kez daha g\u00f6sterdi. Bar\u0131\u015f y\u00f6n\u00fcnde at\u0131lacak \u00f6nemli bir ad\u0131mda T\u00fcrkiye\u2019nin buna dahil olmas\u0131 \u00e7ok anlaml\u0131 olacakt\u0131r. Ba\u015f\u0131ndan beri m\u00fczakerelerde yer alma iste\u011fini ortaya koyan T\u00fcrkiye, bu pozisyonunu yeniden g\u00fc\u00e7lendirme f\u0131rsat\u0131na sahip olacak&#8221; dedi.<br \/>\n<br \/>Rusya-Ukrayna Sava\u015f\u0131n\u0131n transatlantik ili\u015fkilerin do\u011fas\u0131na do\u011frudan etki etti\u011fini dile getiren Do\u00e7. Dr. \u00dcnald\u0131lar, &#8220;Sava\u015f\u0131n ilk y\u0131llar\u0131nda Biden y\u00f6netimi ile Avrupa Birli\u011fi aras\u0131ndaki yak\u0131n i\u015f birli\u011fi, transatlantik ittifak\u0131n\u0131 yeniden canland\u0131rd\u0131. NATO\u2019nun Madrid Stratejisi\u2019ne de yans\u0131yan bu i\u015f birli\u011fi, Avrupa ve Amerika\u2019n\u0131n ortak tehdit alg\u0131s\u0131yla \u015fekillendi. Ancak Trump\u2019\u0131n yeniden iktidara gelmesiyle bu birliktelik sorgulanmaya ba\u015flad\u0131.  Trump\u2019\u0131n Amerika\u2019n\u0131n Ukrayna\u2019ya deste\u011fi \u00e7ekebilece\u011fi y\u00f6n\u00fcndeki a\u00e7\u0131klamalar\u0131, Avrupa ile aras\u0131ndaki dayan\u0131\u015fma duygusunu zay\u0131flatt\u0131. Avrupa Birli\u011fi bu duruma kar\u015f\u0131 kendi savunma kapasitesini art\u0131rmaya y\u00f6neldi. Army Europe ve European Readiness 2030 gibi giri\u015fimler, Avrupa\u2019n\u0131n savunma \u00f6zerkli\u011fini g\u00fc\u00e7lendirme aray\u0131\u015f\u0131n\u0131n bir par\u00e7as\u0131. Bu da T\u00fcrkiye\u2019yi Avrupa i\u00e7in yeniden stratejik bir ortak haline getiriyor&#8221; dedi.<\/p>\n<p>&#8220;T\u00fcrkiye Avrupa savunmas\u0131nda daha de\u011ferli bir akt\u00f6re d\u00f6n\u00fc\u015febilir&#8221;<br \/>\n<br \/>Do\u00e7. Dr. \u00dcnald\u0131lar, &#8220;Avrupa Birli\u011fi ile ili\u015fkilerinde sorunlar ya\u015fam\u0131\u015f bir \u00fclke olarak T\u00fcrkiye, g\u00fcvenlik ve savunma konular\u0131ndaki yetkinli\u011fi sayesinde yeniden \u00f6nemli bir akt\u00f6r olarak g\u00fcndeme geldi. T\u00fcrkiye\u2019nin NATO i\u00e7indeki ikinci b\u00fcy\u00fck orduya sahip olmas\u0131 ve savunma sanayindeki ilerlemeleri, AB\u2019nin T\u00fcrkiye\u2019yi yan\u0131na alma ihtiyac\u0131n\u0131 art\u0131rabilir&#8221; diye konu\u015ftu.<\/p>\n<p>&#8220;Bar\u0131\u015f s\u00fcrecine yakla\u015f\u0131yoruz&#8221;<br \/>\n<br \/>Rusya-Ukrayna sava\u015f\u0131n\u0131n gelece\u011fine dair \u00f6ng\u00f6r\u00fclerini payla\u015fan Do\u00e7. Dr. \u00dcnald\u0131lar, &#8220;Taraflar ekonomik ve siyasi olarak y\u0131prand\u0131. Taraflar\u0131n kendi halklar\u0131na bir zafer sunma mecburiyeti, bar\u0131\u015f s\u00fcrecini zorla\u015ft\u0131rsa da tarafs\u0131zl\u0131k, K\u0131r\u0131m ve do\u011fu b\u00f6lgelerinin stat\u00fcs\u00fc gibi ba\u015fl\u0131klar \u00fczerinden m\u00fczakereler y\u00fcr\u00fct\u00fclebilir. Trump\u2019\u0131n bask\u0131lar\u0131 ve Bat\u0131\u2019n\u0131n deste\u011finde ya\u015fanan yorgunluk, s\u00fcreci h\u0131zland\u0131rabilir. Bar\u0131\u015f m\u00fczakerelerinin ne kadar s\u00fcrece\u011fi belirsiz olsa da, k\u0131sa vadede kan\u0131n durmas\u0131 y\u00f6n\u00fcnde geli\u015fmeler beklenebilir&#8221; diyerek s\u00f6zlerini noktalad\u0131.<br \/><\/p>\n","protected":false},"excerpt":{"rendered":"<p>Ege \u00dcniversitesi \u0130ktisadi ve \u0130dari Bilimler Fak\u00fcltesi Uluslararas\u0131 \u0130li\u015fkiler B\u00f6l\u00fcm\u00fc \u00f6\u011fretim \u00fcyesi Do\u00e7. Dr. Sinem \u00dcnald\u0131lar, Avrupa Birli\u011fi ile ili\u015fkilerinde sorunlar ya\u015fam\u0131\u015f bir \u00fclke olarak T\u00fcrkiye\u2019nin, g\u00fcvenlik ve savunma konular\u0131ndaki yetkinli\u011fi sayesinde \u00f6nemli bir akt\u00f6r oldu\u011funu belirtti. Do\u00e7. Dr. Sinem \u00dcnald\u0131lar d\u0131\u015f politikan\u0131n s\u0131cak g\u00fcndemi Rusya-Ukrayna-T\u00fcrkiye ili\u015fkileri konusunda de\u011ferlendirmelerde bulundu. Do\u00e7. Dr. \u00dcnald\u0131lar, T\u00fcrkiye\u2019nin uluslararas\u0131&#8230;<\/p>\n","protected":false},"author":1,"featured_media":28885,"comment_status":"open","ping_status":"open","sticky":false,"template":"","format":"standard","meta":{"_crdt_document":"","footnotes":""},"categories":[127],"tags":[],"class_list":["post-28884","post","type-post","status-publish","format-standard","has-post-thumbnail","hentry","category-siyaset"],"_links":{"self":[{"href":"https:\/\/www.egemtv.com\/index.php?rest_route=\/wp\/v2\/posts\/28884","targetHints":{"allow":["GET"]}}],"collection":[{"href":"https:\/\/www.egemtv.com\/index.php?rest_route=\/wp\/v2\/posts"}],"about":[{"href":"https:\/\/www.egemtv.com\/index.php?rest_route=\/wp\/v2\/types\/post"}],"author":[{"embeddable":true,"href":"https:\/\/www.egemtv.com\/index.php?rest_route=\/wp\/v2\/users\/1"}],"replies":[{"embeddable":true,"href":"https:\/\/www.egemtv.com\/index.php?rest_route=%2Fwp%2Fv2%2Fcomments&post=28884"}],"version-history":[{"count":1,"href":"https:\/\/www.egemtv.com\/index.php?rest_route=\/wp\/v2\/posts\/28884\/revisions"}],"predecessor-version":[{"id":28886,"href":"https:\/\/www.egemtv.com\/index.php?rest_route=\/wp\/v2\/posts\/28884\/revisions\/28886"}],"wp:featuredmedia":[{"embeddable":true,"href":"https:\/\/www.egemtv.com\/index.php?rest_route=\/wp\/v2\/media\/28885"}],"wp:attachment":[{"href":"https:\/\/www.egemtv.com\/index.php?rest_route=%2Fwp%2Fv2%2Fmedia&parent=28884"}],"wp:term":[{"taxonomy":"category","embeddable":true,"href":"https:\/\/www.egemtv.com\/index.php?rest_route=%2Fwp%2Fv2%2Fcategories&post=28884"},{"taxonomy":"post_tag","embeddable":true,"href":"https:\/\/www.egemtv.com\/index.php?rest_route=%2Fwp%2Fv2%2Ftags&post=28884"}],"curies":[{"name":"wp","href":"https:\/\/api.w.org\/{rel}","templated":true}]}}