{"id":28881,"date":"2025-05-15T11:15:46","date_gmt":"2025-05-15T08:15:46","guid":{"rendered":"https:\/\/www.egemtv.com\/?p=28881"},"modified":"2025-05-15T11:15:50","modified_gmt":"2025-05-15T08:15:50","slug":"supheli-yanginda-sir-perdesi-aralaniyor","status":"publish","type":"post","link":"https:\/\/www.egemtv.com\/?p=28881","title":{"rendered":"\u015e\u00fcpheli yang\u0131nda s\u0131r perdesi aralan\u0131yor"},"content":{"rendered":"<p>Ayd\u0131n\u2019\u0131n Nazilli il\u00e7esinde 18 Mart g\u00fcn\u00fc iki \u00e7ocuk ile bir annenin \u00f6l\u00fcm\u00fcyle sonu\u00e7lanan ve t\u00fcm \u00fclkeyi yasa bo\u011fan yang\u0131n olay\u0131 ile ilgili s\u0131r perdesi aralan\u0131yor. Olay\u0131n ard\u0131ndan Cumhuriyet Savc\u0131l\u0131\u011f\u0131n\u0131n talimat\u0131yla teknik takibe al\u0131nan, ayn\u0131 zamanda itfaiye eri olan katil zanl\u0131s\u0131 baban\u0131n, olay g\u00fcn\u00fc \u00f6l\u00fcm\u00fcne neden oldu\u011fu iki \u00e7ocu\u011fu ve e\u015finin yang\u0131nda uyanamamas\u0131 i\u00e7in kimyasal madde kulland\u0131\u011f\u0131 iddia edildi.<\/p>\n<p>Nazilli il\u00e7esine ba\u011fl\u0131 Ye\u015fil Mahalle 372 Sokak Hilal Apartman\u0131\u2019nda 18 Mart g\u00fcn\u00fc sabah saatlerinde \u00e7\u0131kan yang\u0131n sonucu itfaiye eri Turgay Gezgin\u2019in \u00e7ocuklar\u0131 Toprak Ege Gezgin (4) ve Muzaffer Deniz Gezgin (11) ile e\u015fi Fatma Gezgin (34) yo\u011fun dumana maruz kalarak hayatlar\u0131n\u0131 kaybetmi\u015fti. Evin sadece yatak odas\u0131nda \u00e7\u0131kan ve ba\u015fka bir odaya s\u0131\u00e7ramayan yang\u0131n\u0131 \u015f\u00fcpheli bulan g\u00fcvenlik g\u00fc\u00e7leri, savc\u0131l\u0131\u011f\u0131n talimat\u0131yla yapt\u0131klar\u0131 detayl\u0131 incelemede g\u00fcvenlik kameras\u0131 kay\u0131tlar\u0131 verilerine g\u00f6re yang\u0131ndan sonra fenala\u015f\u0131p bayg\u0131nl\u0131k ge\u00e7iren Turgay Gezgin\u2019in, yang\u0131ndan k\u0131sa s\u00fcre \u00f6nce eve girip \u00e7\u0131kt\u0131\u011f\u0131n\u0131 tespit etti. Olayda iki \u00e7ocu\u011fuyla birlikte hayat\u0131n\u0131 kaybeden anne Fatma Gezgin\u2019in telefonunda da inceleme yapan ekipler, yang\u0131ndan k\u0131sa bir s\u00fcre \u00f6nce telefonundaki mesajlarla birlikte di\u011fer kay\u0131tlar\u0131n da silindi\u011fini tespit etti.<\/p>\n<p>Polis iki ayda t\u00fcm detaylar\u0131 ortaya \u00e7\u0131kard\u0131<br \/>\n<br \/>T\u00fcm verilerin \u015f\u00fcpheli bulunmas\u0131 \u00fczerine Nazilli \u0130l\u00e7e Emniyet M\u00fcd\u00fcrl\u00fc\u011f\u00fc\u2019ne ba\u011fl\u0131 ekipler, Cumhuriyet Savc\u0131l\u0131\u011f\u0131n\u0131n talimat\u0131yla katil zanl\u0131s\u0131 Turgay Gezgin ve olaydan 10 g\u00fcn sonra ni\u015fanland\u0131\u011f\u0131 \u00f6\u011frenilen sevgilisi F.T.\u2019yi takibe ald\u0131. Yap\u0131lan \u00e7al\u0131\u015fmalar\u0131n ard\u0131ndan polis ekipleri, iki ayda t\u00fcm detaylar\u0131 ortaya \u00e7\u0131kard\u0131. Olay esnas\u0131nda ve cenaze t\u00f6reninde \u00e7ekilen g\u00f6r\u00fcnt\u00fc kay\u0131tlar\u0131n\u0131 da titizlikle inceleyen polisin, Turgay Gezgin\u2019in davran\u0131\u015flar\u0131n\u0131 ger\u00e7ek\u00e7i bulmad\u0131\u011f\u0131 \u00f6\u011frenildi. \u00d6nceki g\u00fcn sabaha kar\u015f\u0131 sevgilisinin evinde yeni ni\u015fanland\u0131\u011f\u0131 F.T. ile birlikte g\u00f6zalt\u0131na al\u0131nan Turgay Gezgin \u00e7\u0131kar\u0131ld\u0131\u011f\u0131 mahkemede tutuklanarak cezaevine g\u00f6nderildi. F.T. ise adli kontrol karar\u0131 ile serbest b\u0131rak\u0131ld\u0131.<\/p>\n<p>&#8220;\u0130\u00e7eri bile girmedi&#8221;<br \/>\n<br \/>Yang\u0131n\u0131n sabotaj sonucu meydana geldi\u011fi ve olay\u0131n san\u0131\u011f\u0131n\u0131n hayat\u0131n\u0131 kaybedenlerin en yak\u0131n\u0131 oldu\u011funu \u00f6\u011frenen mahalle sakinleri de duruma b\u00fcy\u00fck tepki g\u00f6sterdi. B\u00f6ylesine basit bir yang\u0131nda 3 ki\u015finin \u00f6lmesini \u015f\u00fcpheli bulduklar\u0131n\u0131 belirten baz\u0131 mahalle sakinleri &#8220;Biz dairede yang\u0131n \u00e7\u0131kt\u0131\u011f\u0131n\u0131 fark edince kredi kart\u0131 ile kap\u0131y\u0131 a\u00e7t\u0131k, olaydan hemen sonra haber verdi\u011fimiz, ayn\u0131 zamanda itfaiyeci olan o \u015fah\u0131s geldi. Ancak i\u00e7eri bile girmedi. Oysa bu \u015fah\u0131s 11 y\u0131ld\u0131r benzer olaylar\u0131n i\u00e7inde. Di\u011fer itfaiyeciler geldikten sonra \u2018\u00e7ocuklar\u0131m\u2019 ve \u2018e\u015fim\u2019 diye ba\u011f\u0131rmaya ve kendini yerlere atmaya ba\u015flad\u0131. Madem samimiydi niye ilk geldi\u011finde kap\u0131 a\u00e7\u0131k olmas\u0131na ra\u011fmen eve girip \u00e7ocuklar\u0131n\u0131 ve e\u015fini kurtarmaya \u00e7al\u0131\u015fmad\u0131. Biz \u00e7ok \u00fczg\u00fcn\u00fcz, adaletin yerini bulmas\u0131n\u0131 istiyoruz. Mahallemizin de ad\u0131n\u0131n b\u00f6ylesi bir olayla an\u0131lmas\u0131ndan utan\u00e7 duyuyoruz, \u00fczg\u00fcn\u00fcz&#8221; diyerek katil zanl\u0131s\u0131 Turgay Gezgin ve olay\u0131n di\u011fer san\u0131\u011f\u0131 F.T.\u2019ye tepki g\u00f6sterdiler.<\/p>\n<p>Olayla ilgili soru\u015fturma s\u00fcr\u00fcyor.<br \/><\/p>\n","protected":false},"excerpt":{"rendered":"<p>Ayd\u0131n\u2019\u0131n Nazilli il\u00e7esinde 18 Mart g\u00fcn\u00fc iki \u00e7ocuk ile bir annenin \u00f6l\u00fcm\u00fcyle sonu\u00e7lanan ve t\u00fcm \u00fclkeyi yasa bo\u011fan yang\u0131n olay\u0131 ile ilgili s\u0131r perdesi aralan\u0131yor. Olay\u0131n ard\u0131ndan Cumhuriyet Savc\u0131l\u0131\u011f\u0131n\u0131n talimat\u0131yla teknik takibe al\u0131nan, ayn\u0131 zamanda itfaiye eri olan katil zanl\u0131s\u0131 baban\u0131n, olay g\u00fcn\u00fc \u00f6l\u00fcm\u00fcne neden oldu\u011fu iki \u00e7ocu\u011fu ve e\u015finin yang\u0131nda uyanamamas\u0131 i\u00e7in kimyasal madde&#8230;<\/p>\n","protected":false},"author":1,"featured_media":28882,"comment_status":"open","ping_status":"open","sticky":false,"template":"","format":"standard","meta":{"_crdt_document":"","footnotes":""},"categories":[5],"tags":[],"class_list":["post-28881","post","type-post","status-publish","format-standard","has-post-thumbnail","hentry","category-asayis"],"_links":{"self":[{"href":"https:\/\/www.egemtv.com\/index.php?rest_route=\/wp\/v2\/posts\/28881","targetHints":{"allow":["GET"]}}],"collection":[{"href":"https:\/\/www.egemtv.com\/index.php?rest_route=\/wp\/v2\/posts"}],"about":[{"href":"https:\/\/www.egemtv.com\/index.php?rest_route=\/wp\/v2\/types\/post"}],"author":[{"embeddable":true,"href":"https:\/\/www.egemtv.com\/index.php?rest_route=\/wp\/v2\/users\/1"}],"replies":[{"embeddable":true,"href":"https:\/\/www.egemtv.com\/index.php?rest_route=%2Fwp%2Fv2%2Fcomments&post=28881"}],"version-history":[{"count":1,"href":"https:\/\/www.egemtv.com\/index.php?rest_route=\/wp\/v2\/posts\/28881\/revisions"}],"predecessor-version":[{"id":28883,"href":"https:\/\/www.egemtv.com\/index.php?rest_route=\/wp\/v2\/posts\/28881\/revisions\/28883"}],"wp:featuredmedia":[{"embeddable":true,"href":"https:\/\/www.egemtv.com\/index.php?rest_route=\/wp\/v2\/media\/28882"}],"wp:attachment":[{"href":"https:\/\/www.egemtv.com\/index.php?rest_route=%2Fwp%2Fv2%2Fmedia&parent=28881"}],"wp:term":[{"taxonomy":"category","embeddable":true,"href":"https:\/\/www.egemtv.com\/index.php?rest_route=%2Fwp%2Fv2%2Fcategories&post=28881"},{"taxonomy":"post_tag","embeddable":true,"href":"https:\/\/www.egemtv.com\/index.php?rest_route=%2Fwp%2Fv2%2Ftags&post=28881"}],"curies":[{"name":"wp","href":"https:\/\/api.w.org\/{rel}","templated":true}]}}