{"id":28878,"date":"2025-05-15T10:57:47","date_gmt":"2025-05-15T07:57:47","guid":{"rendered":"https:\/\/www.egemtv.com\/?p=28878"},"modified":"2025-05-15T10:57:51","modified_gmt":"2025-05-15T07:57:51","slug":"colyak-hastalarina-gluten-uyarisi","status":"publish","type":"post","link":"https:\/\/www.egemtv.com\/?p=28878","title":{"rendered":"\u00c7\u00f6lyak hastalar\u0131na \u2018Gluten\u2019 uyar\u0131s\u0131"},"content":{"rendered":"<p>9-16 May\u0131s tarihlerinde ger\u00e7ekle\u015ftirilen \u2018\u00c7\u00f6lyak Hastal\u0131\u011f\u0131 Fark\u0131ndal\u0131k Haftas\u0131\u2019 kapsam\u0131nda Mu\u011fla E\u011fitim ve Ara\u015ft\u0131rma Hastanesi poliklinik giri\u015finde \u00c7\u00f6lyak hastal\u0131\u011f\u0131 fark\u0131ndal\u0131\u011f\u0131 olu\u015fturmak i\u00e7in bilgilendirme stand\u0131 a\u00e7\u0131ld\u0131.<br \/>\n<br \/>Gastaroenteroloji uzman\u0131 Prof. Dr. Burak \u00d6z\u015feker, Do\u00e7. Dr. Mehmet Suat Yal\u00e7\u0131n ve Gastroenteroloji ekibi taraf\u0131ndan kurulan stand\u0131 hastane y\u00f6netim ekibi ziyaret etti. Stantta hastaneye gelen vatanda\u015flara bro\u015f\u00fcrler da\u011f\u0131t\u0131larak hastal\u0131k hakk\u0131nda bilgilendirmelerde bulunuldu.<br \/>\n<br \/>Gastaroenteroloji uzman\u0131 Prof. Dr. Burak \u00d6z\u015feker, &#8220;\u00c7\u00f6lyak hastal\u0131\u011f\u0131, genetik yatk\u0131nl\u0131\u011f\u0131 olan bireylerde, bu\u011fday, arpa, \u00e7avdar gibi tah\u0131llarda bulunan gluten adl\u0131 proteine kar\u015f\u0131 v\u00fccudun verdi\u011fi alerjik tepki ile ince ba\u011f\u0131rsak ba\u015flang\u0131\u00e7 b\u00f6lge yap\u0131s\u0131n\u0131n de\u011fi\u015fmesiyle emilim bozuklu\u011funa neden olan otoimm\u00fcn bir hastal\u0131kt\u0131r. \u00c7\u00f6lyak hastalar\u0131 gluten i\u00e7erikli besinler t\u00fcketti\u011finde, kronik ishal veya kab\u0131zl\u0131k, kilo kayb\u0131, midede \u015fi\u015fkinlik ve gaz, kar\u0131n a\u011fr\u0131s\u0131, kans\u0131zl\u0131k ve buna ba\u011fl\u0131 yorgunluk yan\u0131 s\u0131ra g\u00f6z kurulu\u011fu gibi belirtiler ya\u015farlar&#8221; dedi.<br \/>\n<br \/>Prof. Dr. \u00d6z\u015fekir, hastalar\u0131n \u00f6ncelikle gastroenteroloji b\u00f6l\u00fcm\u00fcne ba\u015fvurmalar\u0131 gerekti\u011fini belirtirken, \u00c7\u00f6lyak hastal\u0131\u011f\u0131 te\u015fhisini koymak i\u00e7in laboratuvar testleri ve Endoskopi ile ince ba\u011f\u0131rsaktan biyopsi al\u0131nmas\u0131 gerekebilece\u011fi, \u00c7\u00f6lyak hastal\u0131\u011f\u0131nda etkin oldu\u011fu bilinen tek tedavinin, glutenin \u00f6m\u00fcr boyu diyetten \u00e7\u0131kar\u0131lmas\u0131 oldu\u011funu a\u00e7\u0131klad\u0131.<br \/>\n<br \/>\u00c7\u00f6lyak hastal\u0131\u011f\u0131n\u0131 nas\u0131l \u00f6nlenir?<br \/>\n<br \/>\u00c7\u00f6lyak hastal\u0131\u011f\u0131 olan ki\u015filer glutensiz diyet uygulayarak, bu\u011fday, arpa, \u00e7avdar  ve yulaf gibi gluten i\u00e7eren g\u0131dalardan uzak bir beslenme al\u0131\u015fkanl\u0131\u011f\u0131 kazanarak, hastal\u0131\u011f\u0131n var olan semptomlar\u0131n\u0131 kontrol alt\u0131na alabilir, ya\u015fam kalitelerini artt\u0131rabilir ve  hastal\u0131klar\u0131 ile ilgili komplikasyonlar\u0131n olu\u015fmas\u0131n\u0131 \u00f6nleyebilirler.<br \/><\/p>\n","protected":false},"excerpt":{"rendered":"<p>9-16 May\u0131s tarihlerinde ger\u00e7ekle\u015ftirilen \u2018\u00c7\u00f6lyak Hastal\u0131\u011f\u0131 Fark\u0131ndal\u0131k Haftas\u0131\u2019 kapsam\u0131nda Mu\u011fla E\u011fitim ve Ara\u015ft\u0131rma Hastanesi poliklinik giri\u015finde \u00c7\u00f6lyak hastal\u0131\u011f\u0131 fark\u0131ndal\u0131\u011f\u0131 olu\u015fturmak i\u00e7in bilgilendirme stand\u0131 a\u00e7\u0131ld\u0131. Gastaroenteroloji uzman\u0131 Prof. Dr. Burak \u00d6z\u015feker, Do\u00e7. Dr. Mehmet Suat Yal\u00e7\u0131n ve Gastroenteroloji ekibi taraf\u0131ndan kurulan stand\u0131 hastane y\u00f6netim ekibi ziyaret etti. Stantta hastaneye gelen vatanda\u015flara bro\u015f\u00fcrler da\u011f\u0131t\u0131larak hastal\u0131k hakk\u0131nda bilgilendirmelerde&#8230;<\/p>\n","protected":false},"author":1,"featured_media":28879,"comment_status":"open","ping_status":"open","sticky":false,"template":"","format":"standard","meta":{"_crdt_document":"","footnotes":""},"categories":[2],"tags":[],"class_list":["post-28878","post","type-post","status-publish","format-standard","has-post-thumbnail","hentry","category-saglik"],"_links":{"self":[{"href":"https:\/\/www.egemtv.com\/index.php?rest_route=\/wp\/v2\/posts\/28878","targetHints":{"allow":["GET"]}}],"collection":[{"href":"https:\/\/www.egemtv.com\/index.php?rest_route=\/wp\/v2\/posts"}],"about":[{"href":"https:\/\/www.egemtv.com\/index.php?rest_route=\/wp\/v2\/types\/post"}],"author":[{"embeddable":true,"href":"https:\/\/www.egemtv.com\/index.php?rest_route=\/wp\/v2\/users\/1"}],"replies":[{"embeddable":true,"href":"https:\/\/www.egemtv.com\/index.php?rest_route=%2Fwp%2Fv2%2Fcomments&post=28878"}],"version-history":[{"count":1,"href":"https:\/\/www.egemtv.com\/index.php?rest_route=\/wp\/v2\/posts\/28878\/revisions"}],"predecessor-version":[{"id":28880,"href":"https:\/\/www.egemtv.com\/index.php?rest_route=\/wp\/v2\/posts\/28878\/revisions\/28880"}],"wp:featuredmedia":[{"embeddable":true,"href":"https:\/\/www.egemtv.com\/index.php?rest_route=\/wp\/v2\/media\/28879"}],"wp:attachment":[{"href":"https:\/\/www.egemtv.com\/index.php?rest_route=%2Fwp%2Fv2%2Fmedia&parent=28878"}],"wp:term":[{"taxonomy":"category","embeddable":true,"href":"https:\/\/www.egemtv.com\/index.php?rest_route=%2Fwp%2Fv2%2Fcategories&post=28878"},{"taxonomy":"post_tag","embeddable":true,"href":"https:\/\/www.egemtv.com\/index.php?rest_route=%2Fwp%2Fv2%2Ftags&post=28878"}],"curies":[{"name":"wp","href":"https:\/\/api.w.org\/{rel}","templated":true}]}}