{"id":28875,"date":"2025-05-15T10:57:42","date_gmt":"2025-05-15T07:57:42","guid":{"rendered":"https:\/\/www.egemtv.com\/?p=28875"},"modified":"2025-05-15T10:57:47","modified_gmt":"2025-05-15T07:57:47","slug":"hayirla-yapildi-vefayla-korundu","status":"publish","type":"post","link":"https:\/\/www.egemtv.com\/?p=28875","title":{"rendered":"Hay\u0131rla yap\u0131ld\u0131 vefayla korundu"},"content":{"rendered":"<p>Sar\u0131g\u00f6l Emcelli Mahallesi\u2019nde 1971 y\u0131l\u0131nda yap\u0131lan minare, cami y\u0131k\u0131lsa da hay\u0131r sahibine duyulan sayg\u0131yla bug\u00fcn hala ayakta duruyor.<br \/>\n<br \/>Manisa\u2019n\u0131n Sar\u0131g\u00f6l il\u00e7esine ba\u011fl\u0131 Emcelli Mahallesi, hay\u0131rseverli\u011fe ve vefa duygusuna \u00f6rnek te\u015fkil eden bir dayan\u0131\u015fmaya imza att\u0131. 1969 y\u0131l\u0131nda Ala\u015fehir merkezli meydana gelen 6.8 b\u00fcy\u00fckl\u00fc\u011f\u00fcndeki depremde b\u00fcy\u00fck hasar g\u00f6ren k\u00f6y, 1970 y\u0131l\u0131nda yeni yerine ta\u015f\u0131nd\u0131.<br \/>\n<br \/>Yeni yerle\u015fim alan\u0131nda 1971 y\u0131l\u0131nda halk\u0131n ve hay\u0131rseverlerin deste\u011fiyle yap\u0131lan caminin minaresi, k\u00f6y halk\u0131ndan \u0130brahim Ak\u00e7ada\u011f taraf\u0131ndan hayr\u0131na in\u015fa ettirildi. Y\u0131llarca hizmet veren camide k\u0131ble y\u00f6n\u00fcn\u00fcn hatal\u0131 oldu\u011funun fark edilmesi \u00fczerine, 2013 y\u0131l\u0131nda cami y\u0131k\u0131larak yeniden in\u015fa edildi. Ancak minarenin y\u00f6n\u00fcn\u00fcn do\u011fru ve yap\u0131sal olarak sa\u011flam olmas\u0131 nedeniyle, d\u00f6nemin muhtar\u0131 Muzaffer Demirci ve k\u00f6y halk\u0131 taraf\u0131ndan &#8220;hay\u0131r sahibine vefa&#8221; gerek\u00e7esiyle y\u0131k\u0131lmad\u0131.<br \/>\n<br \/>\u0130ki y\u0131l s\u00fcren yeniden in\u015fa s\u00fcrecinde k\u00f6y halk\u0131 ve \u00e7evre hay\u0131rseverlerin katk\u0131lar\u0131yla yeni bir cami ve \u00e7ift \u015ferefeli minare yap\u0131ld\u0131. 2015 y\u0131l\u0131nda tamamlanan cami, \u00e7evre d\u00fczenlemesiyle birlikte ibadete a\u00e7\u0131ld\u0131. Yeni caminin yan\u0131nda yer alan, eski camiden kalan minare ise hala ayakta duruyor.<br \/>\n<br \/>Emcelli Mahallesi eski muhtar\u0131 Muzaffer Demirci, &#8220;Caminin k\u0131blesinin yanl\u0131\u015f oldu\u011funu bir vatanda\u015f\u0131m\u0131z fark etti, m\u00fcft\u00fcl\u00fc\u011fe bildirildi. Yap\u0131lan inceleme sonucu hata tespit edildi ve cami y\u0131k\u0131ld\u0131. Ancak minareyi, hay\u0131r sahibi \u0130brahim Ak\u00e7ada\u011f\u2019a duydu\u011fumuz sayg\u0131 nedeniyle y\u0131kmad\u0131k. Bug\u00fcn h\u00e2l\u00e2 dimdik ayakta&#8221; dedi.<br \/>\n<br \/>Mahallenin ya\u015fl\u0131lar\u0131 da, &#8220;Bu minare, hay\u0131rsever \u0130brahim Ak\u00e7ada\u011f\u2019\u0131n eseri. Onun hayr\u0131na sayg\u0131 g\u00f6sterdik. \u015eimdi bile sapasa\u011flam duruyor&#8221; ifadelerini kulland\u0131.<br \/>\n<br \/>Sar\u0131g\u00f6l\u2019de yaln\u0131zca merkez D\u0131\u015fkahveler H\u00fcseyin G\u00fcm\u00fc\u015fl\u00fc Camisi ile Emcelli Mahalle Camisi \u00e7ift minareli olarak biliniyor. Emcelli Mahallesi\u2019nde caminin bah\u00e7esinde biri eski, biri yeni olmak \u00fczere iki minare yan yana y\u00fckseliyor. Minarelerin ortas\u0131nda dalgalanan b\u00fcy\u00fck T\u00fcrk bayra\u011f\u0131 ise mahalleye gelen ziyaret\u00e7ilerden b\u00fcy\u00fck ilgi g\u00f6r\u00fcyor.<br \/><\/p>\n","protected":false},"excerpt":{"rendered":"<p>Sar\u0131g\u00f6l Emcelli Mahallesi\u2019nde 1971 y\u0131l\u0131nda yap\u0131lan minare, cami y\u0131k\u0131lsa da hay\u0131r sahibine duyulan sayg\u0131yla bug\u00fcn hala ayakta duruyor. Manisa\u2019n\u0131n Sar\u0131g\u00f6l il\u00e7esine ba\u011fl\u0131 Emcelli Mahallesi, hay\u0131rseverli\u011fe ve vefa duygusuna \u00f6rnek te\u015fkil eden bir dayan\u0131\u015fmaya imza att\u0131. 1969 y\u0131l\u0131nda Ala\u015fehir merkezli meydana gelen 6.8 b\u00fcy\u00fckl\u00fc\u011f\u00fcndeki depremde b\u00fcy\u00fck hasar g\u00f6ren k\u00f6y, 1970 y\u0131l\u0131nda yeni yerine ta\u015f\u0131nd\u0131. Yeni yerle\u015fim&#8230;<\/p>\n","protected":false},"author":1,"featured_media":28876,"comment_status":"open","ping_status":"open","sticky":false,"template":"","format":"standard","meta":{"_crdt_document":"","footnotes":""},"categories":[1],"tags":[],"class_list":["post-28875","post","type-post","status-publish","format-standard","has-post-thumbnail","hentry","category-guncel"],"_links":{"self":[{"href":"https:\/\/www.egemtv.com\/index.php?rest_route=\/wp\/v2\/posts\/28875","targetHints":{"allow":["GET"]}}],"collection":[{"href":"https:\/\/www.egemtv.com\/index.php?rest_route=\/wp\/v2\/posts"}],"about":[{"href":"https:\/\/www.egemtv.com\/index.php?rest_route=\/wp\/v2\/types\/post"}],"author":[{"embeddable":true,"href":"https:\/\/www.egemtv.com\/index.php?rest_route=\/wp\/v2\/users\/1"}],"replies":[{"embeddable":true,"href":"https:\/\/www.egemtv.com\/index.php?rest_route=%2Fwp%2Fv2%2Fcomments&post=28875"}],"version-history":[{"count":1,"href":"https:\/\/www.egemtv.com\/index.php?rest_route=\/wp\/v2\/posts\/28875\/revisions"}],"predecessor-version":[{"id":28877,"href":"https:\/\/www.egemtv.com\/index.php?rest_route=\/wp\/v2\/posts\/28875\/revisions\/28877"}],"wp:featuredmedia":[{"embeddable":true,"href":"https:\/\/www.egemtv.com\/index.php?rest_route=\/wp\/v2\/media\/28876"}],"wp:attachment":[{"href":"https:\/\/www.egemtv.com\/index.php?rest_route=%2Fwp%2Fv2%2Fmedia&parent=28875"}],"wp:term":[{"taxonomy":"category","embeddable":true,"href":"https:\/\/www.egemtv.com\/index.php?rest_route=%2Fwp%2Fv2%2Fcategories&post=28875"},{"taxonomy":"post_tag","embeddable":true,"href":"https:\/\/www.egemtv.com\/index.php?rest_route=%2Fwp%2Fv2%2Ftags&post=28875"}],"curies":[{"name":"wp","href":"https:\/\/api.w.org\/{rel}","templated":true}]}}