{"id":28854,"date":"2025-05-15T09:56:02","date_gmt":"2025-05-15T06:56:02","guid":{"rendered":"https:\/\/www.egemtv.com\/?p=28854"},"modified":"2025-05-15T09:56:06","modified_gmt":"2025-05-15T06:56:06","slug":"kutahyada-geleneksel-turk-el-sanatlari-ogrenci-sergisi-acildi","status":"publish","type":"post","link":"https:\/\/www.egemtv.com\/?p=28854","title":{"rendered":"K\u00fctahya\u2019da \u2019Geleneksel T\u00fcrk El Sanatlar\u0131 \u00d6\u011frenci Sergisi\u2019 a\u00e7\u0131ld\u0131"},"content":{"rendered":"<p>K\u00fctahya Dumlup\u0131nar \u00dcniversitesi K\u00fctahya G\u00fczel Sanatlar Meslek Y\u00fcksekokulu\u2019nda, \u00d6\u011fretim G\u00f6revlisi Ay\u015fen Arat\u2019\u0131n dan\u0131\u015fmanl\u0131\u011f\u0131nda haz\u0131rlanan &#8220;Geleneksel T\u00fcrk El Sanatlar\u0131 \u00d6\u011frenci Sergisi&#8221; sanatseverlerle bulu\u015ftu.<br \/>\n<br \/>G\u00fczel Sanatlar MYO Fuaye Alan\u0131\u2019nda a\u00e7\u0131l\u0131\u015f\u0131 ger\u00e7ekle\u015ftirilen sergiye, DP\u00dc Rekt\u00f6r\u00fc Prof. Dr. S\u00fcleyman K\u0131z\u0131ltoprak, MYO M\u00fcd\u00fcr\u00fc Do\u00e7. Dr. G\u00f6khan Kuzucanl\u0131, Refsan Genel M\u00fcd\u00fcr\u00fc G\u00f6khan Karaaslan, akademisyenler, \u00f6\u011frenciler ve sanatseverler kat\u0131ld\u0131.<br \/>\n<br \/>Sergide, 26 \u00f6\u011frencinin elinden \u00e7\u0131kan 100 eser yer ald\u0131. Geleneksel ke\u00e7e sanat\u0131, T\u00fcrk i\u015fi nak\u0131\u015flarla haz\u0131rlanm\u0131\u015f tablolar, do\u011fal boyalarla renklendirilmi\u015f \u00e7al\u0131\u015fmalar ve tel k\u0131rma tekni\u011fiyle yap\u0131lm\u0131\u015f \u00e7antalar, ziyaret\u00e7ilerin be\u011fenisine sunuldu.<br \/>\n<br \/>K\u00fctahya G\u00fczel Sanatlar MYO taraf\u0131ndan yap\u0131lan a\u00e7\u0131klamada, &#8220;Sergide yer alan her bir eser, T\u00fcrk el sanatlar\u0131n\u0131n zarif detaylar\u0131n\u0131 ve \u00f6\u011frencilerin \u00f6zg\u00fcn bak\u0131\u015f a\u00e7\u0131lar\u0131n\u0131 yans\u0131t\u0131yor. K\u00fclt\u00fcrel miras\u0131n ya\u015fat\u0131lmas\u0131na katk\u0131 sunan sergi, ayn\u0131 zamanda \u00f6\u011frencilerin sanatsal geli\u015fimine de zemin haz\u0131rl\u0131yor&#8221; ifadelerine yer verildi.<br \/>\n<br \/>Geleneksel T\u00fcrk El Sanatlar\u0131 \u00d6\u011frenci Sergisi, 16 May\u0131s\u2019a kadar ziyaret\u00e7ilere a\u00e7\u0131k olacak.<br \/><\/p>\n","protected":false},"excerpt":{"rendered":"<p>K\u00fctahya Dumlup\u0131nar \u00dcniversitesi K\u00fctahya G\u00fczel Sanatlar Meslek Y\u00fcksekokulu\u2019nda, \u00d6\u011fretim G\u00f6revlisi Ay\u015fen Arat\u2019\u0131n dan\u0131\u015fmanl\u0131\u011f\u0131nda haz\u0131rlanan &#8220;Geleneksel T\u00fcrk El Sanatlar\u0131 \u00d6\u011frenci Sergisi&#8221; sanatseverlerle bulu\u015ftu. G\u00fczel Sanatlar MYO Fuaye Alan\u0131\u2019nda a\u00e7\u0131l\u0131\u015f\u0131 ger\u00e7ekle\u015ftirilen sergiye, DP\u00dc Rekt\u00f6r\u00fc Prof. Dr. S\u00fcleyman K\u0131z\u0131ltoprak, MYO M\u00fcd\u00fcr\u00fc Do\u00e7. Dr. G\u00f6khan Kuzucanl\u0131, Refsan Genel M\u00fcd\u00fcr\u00fc G\u00f6khan Karaaslan, akademisyenler, \u00f6\u011frenciler ve sanatseverler kat\u0131ld\u0131. Sergide, 26 \u00f6\u011frencinin&#8230;<\/p>\n","protected":false},"author":1,"featured_media":28855,"comment_status":"open","ping_status":"open","sticky":false,"template":"","format":"standard","meta":{"_crdt_document":"","footnotes":""},"categories":[1],"tags":[],"class_list":["post-28854","post","type-post","status-publish","format-standard","has-post-thumbnail","hentry","category-guncel"],"_links":{"self":[{"href":"https:\/\/www.egemtv.com\/index.php?rest_route=\/wp\/v2\/posts\/28854","targetHints":{"allow":["GET"]}}],"collection":[{"href":"https:\/\/www.egemtv.com\/index.php?rest_route=\/wp\/v2\/posts"}],"about":[{"href":"https:\/\/www.egemtv.com\/index.php?rest_route=\/wp\/v2\/types\/post"}],"author":[{"embeddable":true,"href":"https:\/\/www.egemtv.com\/index.php?rest_route=\/wp\/v2\/users\/1"}],"replies":[{"embeddable":true,"href":"https:\/\/www.egemtv.com\/index.php?rest_route=%2Fwp%2Fv2%2Fcomments&post=28854"}],"version-history":[{"count":1,"href":"https:\/\/www.egemtv.com\/index.php?rest_route=\/wp\/v2\/posts\/28854\/revisions"}],"predecessor-version":[{"id":28856,"href":"https:\/\/www.egemtv.com\/index.php?rest_route=\/wp\/v2\/posts\/28854\/revisions\/28856"}],"wp:featuredmedia":[{"embeddable":true,"href":"https:\/\/www.egemtv.com\/index.php?rest_route=\/wp\/v2\/media\/28855"}],"wp:attachment":[{"href":"https:\/\/www.egemtv.com\/index.php?rest_route=%2Fwp%2Fv2%2Fmedia&parent=28854"}],"wp:term":[{"taxonomy":"category","embeddable":true,"href":"https:\/\/www.egemtv.com\/index.php?rest_route=%2Fwp%2Fv2%2Fcategories&post=28854"},{"taxonomy":"post_tag","embeddable":true,"href":"https:\/\/www.egemtv.com\/index.php?rest_route=%2Fwp%2Fv2%2Ftags&post=28854"}],"curies":[{"name":"wp","href":"https:\/\/api.w.org\/{rel}","templated":true}]}}