{"id":28851,"date":"2025-05-15T09:55:58","date_gmt":"2025-05-15T06:55:58","guid":{"rendered":"https:\/\/www.egemtv.com\/?p=28851"},"modified":"2025-05-15T09:56:02","modified_gmt":"2025-05-15T06:56:02","slug":"simav-ahmetli-koyunde-yagmur-duasi","status":"publish","type":"post","link":"https:\/\/www.egemtv.com\/?p=28851","title":{"rendered":"Simav Ahmetli k\u00f6y\u00fcnde ya\u011fmur duas\u0131"},"content":{"rendered":"<p>K\u00fctahya\u2019n\u0131n Simav il\u00e7esi Ahmetli k\u00f6y\u00fcnde ya\u011fmur duas\u0131 program\u0131 ger\u00e7ekle\u015ftirildi.<br \/>\n<br \/>\u0130l\u00e7eye ba\u011fl\u0131 Ahmetli k\u00f6y\u00fcnde, muhtarl\u0131\u011f\u0131n organize etti\u011fi ya\u011fmur duas\u0131 program\u0131nda sabah\u0131n erken saatlerinden itibaren kad\u0131nlar\u0131n saclarda pi\u015firdikleri g\u00f6zlemeler kat\u0131l\u0131mc\u0131lar\u0131n yan\u0131nda yoldan ge\u00e7en ara\u00e7lardaki ki\u015filere ayran ile birlikte ikram edildi.<br \/>\n<br \/>Ya\u011fmur duas\u0131 program\u0131nda din g\u00f6revlileri Emre Karaduman, Enes Ya\u015far ve Kahraman Akyol\u2019un okudu\u011fu Kur\u2019an-\u0131 Kerim\u2019in ard\u0131ndan Din Hizmetleri Uzman\u0131 Necati Kele\u015f taraf\u0131ndan ya\u011fmur duas\u0131 yap\u0131ld\u0131.<br \/><\/p>\n","protected":false},"excerpt":{"rendered":"<p>K\u00fctahya\u2019n\u0131n Simav il\u00e7esi Ahmetli k\u00f6y\u00fcnde ya\u011fmur duas\u0131 program\u0131 ger\u00e7ekle\u015ftirildi. \u0130l\u00e7eye ba\u011fl\u0131 Ahmetli k\u00f6y\u00fcnde, muhtarl\u0131\u011f\u0131n organize etti\u011fi ya\u011fmur duas\u0131 program\u0131nda sabah\u0131n erken saatlerinden itibaren kad\u0131nlar\u0131n saclarda pi\u015firdikleri g\u00f6zlemeler kat\u0131l\u0131mc\u0131lar\u0131n yan\u0131nda yoldan ge\u00e7en ara\u00e7lardaki ki\u015filere ayran ile birlikte ikram edildi. Ya\u011fmur duas\u0131 program\u0131nda din g\u00f6revlileri Emre Karaduman, Enes Ya\u015far ve Kahraman Akyol\u2019un okudu\u011fu Kur\u2019an-\u0131 Kerim\u2019in ard\u0131ndan Din&#8230;<\/p>\n","protected":false},"author":1,"featured_media":28852,"comment_status":"open","ping_status":"open","sticky":false,"template":"","format":"standard","meta":{"_crdt_document":"","footnotes":""},"categories":[123],"tags":[],"class_list":["post-28851","post","type-post","status-publish","format-standard","has-post-thumbnail","hentry","category-gundem"],"_links":{"self":[{"href":"https:\/\/www.egemtv.com\/index.php?rest_route=\/wp\/v2\/posts\/28851","targetHints":{"allow":["GET"]}}],"collection":[{"href":"https:\/\/www.egemtv.com\/index.php?rest_route=\/wp\/v2\/posts"}],"about":[{"href":"https:\/\/www.egemtv.com\/index.php?rest_route=\/wp\/v2\/types\/post"}],"author":[{"embeddable":true,"href":"https:\/\/www.egemtv.com\/index.php?rest_route=\/wp\/v2\/users\/1"}],"replies":[{"embeddable":true,"href":"https:\/\/www.egemtv.com\/index.php?rest_route=%2Fwp%2Fv2%2Fcomments&post=28851"}],"version-history":[{"count":1,"href":"https:\/\/www.egemtv.com\/index.php?rest_route=\/wp\/v2\/posts\/28851\/revisions"}],"predecessor-version":[{"id":28853,"href":"https:\/\/www.egemtv.com\/index.php?rest_route=\/wp\/v2\/posts\/28851\/revisions\/28853"}],"wp:featuredmedia":[{"embeddable":true,"href":"https:\/\/www.egemtv.com\/index.php?rest_route=\/wp\/v2\/media\/28852"}],"wp:attachment":[{"href":"https:\/\/www.egemtv.com\/index.php?rest_route=%2Fwp%2Fv2%2Fmedia&parent=28851"}],"wp:term":[{"taxonomy":"category","embeddable":true,"href":"https:\/\/www.egemtv.com\/index.php?rest_route=%2Fwp%2Fv2%2Fcategories&post=28851"},{"taxonomy":"post_tag","embeddable":true,"href":"https:\/\/www.egemtv.com\/index.php?rest_route=%2Fwp%2Fv2%2Ftags&post=28851"}],"curies":[{"name":"wp","href":"https:\/\/api.w.org\/{rel}","templated":true}]}}