{"id":28848,"date":"2025-05-15T09:55:54","date_gmt":"2025-05-15T06:55:54","guid":{"rendered":"https:\/\/www.egemtv.com\/?p=28848"},"modified":"2025-05-15T09:55:58","modified_gmt":"2025-05-15T06:55:58","slug":"il-milli-egitim-muduru-yilmaz-yozgat-anadolu-imam-hatip-lisesi-ogrencilerini-kabul-etti","status":"publish","type":"post","link":"https:\/\/www.egemtv.com\/?p=28848","title":{"rendered":"\u0130l Milli E\u011fitim M\u00fcd\u00fcr\u00fc Y\u0131lmaz, Yozgat Anadolu \u0130mam Hatip Lisesi \u00f6\u011frencilerini kabul etti"},"content":{"rendered":"<p>K\u00fctahya \u0130l Milli E\u011fitim M\u00fcd\u00fcr\u00fc Mustafa Y\u0131lmaz, Milli E\u011fitim Bakanl\u0131\u011f\u0131 Din \u00d6\u011fretimi Genel M\u00fcd\u00fcrl\u00fc\u011f\u00fc taraf\u0131ndan y\u00fcr\u00fct\u00fclen Evliya \u00c7elebi \u00d6\u011frenci De\u011fi\u015fim Program\u0131 \u00e7er\u00e7evesinde K\u00fctahya\u2019da misafir edilen Yozgat Anadolu \u0130mam Hatip Lisesi \u00f6\u011frencilerini kabul etti.<br \/>\n<br \/>Maarif Salonu\u2019nda ger\u00e7ekle\u015fen bulu\u015fmada Milli E\u011fitim M\u00fcd\u00fcr\u00fc Mustafa Y\u0131lmaz, \u00f6\u011frencilerle bir araya gelerek samimi bir sohbet ger\u00e7ekle\u015ftirdi. Y\u0131lmaz yapt\u0131\u011f\u0131 konu\u015fmada, \u00f6\u011frenci de\u011fi\u015fim programlar\u0131n\u0131n \u015fehirleraras\u0131 g\u00f6n\u00fcl k\u00f6pr\u00fcleri kurdu\u011funu ve gen\u00e7lerin hem akademik, hem de manevi geli\u015fimlerine katk\u0131 sundu\u011funu ifade etti.<br \/>\n<br \/>Konu\u015fmas\u0131nda hamd ve \u015f\u00fck\u00fcr kavramlar\u0131 \u00fczerinde durarak, \u015f\u00fckr\u00fcn yaln\u0131zca s\u00f6zle de\u011fil, iyilik, gayret ve sorumlulukla g\u00f6sterilmesi gerekti\u011fini belirten M\u00fcd\u00fcr Mustafa Y\u0131lmaz, \u00f6\u011frencilere her g\u00fcn bir ayet ya da hadis \u00f6\u011frenip payla\u015fmalar\u0131n\u0131 tavsiye etti. Y\u0131lmaz, &#8220;Allah\u2019\u0131 raz\u0131 etmeye \u00e7al\u0131\u015f\u0131n. Emin olun yollar\u0131n\u0131z a\u00e7\u0131l\u0131r. Ailenize, \u00f6\u011fretmenlerinize ve sizi bug\u00fcnlere getiren de\u011ferlere sahip \u00e7\u0131k\u0131n&#8221; dedi.<br \/>\n<br \/>Ziyaret, \u00f6\u011frencilerin Milli E\u011fitim M\u00fcd\u00fcr\u00fc Mustafa Y\u0131lmaz ile ger\u00e7ekle\u015ftirdi\u011fi sohbetin ard\u0131ndan hediye takdimi ile sona erdi.<br \/><\/p>\n","protected":false},"excerpt":{"rendered":"<p>K\u00fctahya \u0130l Milli E\u011fitim M\u00fcd\u00fcr\u00fc Mustafa Y\u0131lmaz, Milli E\u011fitim Bakanl\u0131\u011f\u0131 Din \u00d6\u011fretimi Genel M\u00fcd\u00fcrl\u00fc\u011f\u00fc taraf\u0131ndan y\u00fcr\u00fct\u00fclen Evliya \u00c7elebi \u00d6\u011frenci De\u011fi\u015fim Program\u0131 \u00e7er\u00e7evesinde K\u00fctahya\u2019da misafir edilen Yozgat Anadolu \u0130mam Hatip Lisesi \u00f6\u011frencilerini kabul etti. Maarif Salonu\u2019nda ger\u00e7ekle\u015fen bulu\u015fmada Milli E\u011fitim M\u00fcd\u00fcr\u00fc Mustafa Y\u0131lmaz, \u00f6\u011frencilerle bir araya gelerek samimi bir sohbet ger\u00e7ekle\u015ftirdi. Y\u0131lmaz yapt\u0131\u011f\u0131 konu\u015fmada, \u00f6\u011frenci de\u011fi\u015fim&#8230;<\/p>\n","protected":false},"author":1,"featured_media":28849,"comment_status":"open","ping_status":"open","sticky":false,"template":"","format":"standard","meta":{"_crdt_document":"","footnotes":""},"categories":[1],"tags":[],"class_list":["post-28848","post","type-post","status-publish","format-standard","has-post-thumbnail","hentry","category-guncel"],"_links":{"self":[{"href":"https:\/\/www.egemtv.com\/index.php?rest_route=\/wp\/v2\/posts\/28848","targetHints":{"allow":["GET"]}}],"collection":[{"href":"https:\/\/www.egemtv.com\/index.php?rest_route=\/wp\/v2\/posts"}],"about":[{"href":"https:\/\/www.egemtv.com\/index.php?rest_route=\/wp\/v2\/types\/post"}],"author":[{"embeddable":true,"href":"https:\/\/www.egemtv.com\/index.php?rest_route=\/wp\/v2\/users\/1"}],"replies":[{"embeddable":true,"href":"https:\/\/www.egemtv.com\/index.php?rest_route=%2Fwp%2Fv2%2Fcomments&post=28848"}],"version-history":[{"count":1,"href":"https:\/\/www.egemtv.com\/index.php?rest_route=\/wp\/v2\/posts\/28848\/revisions"}],"predecessor-version":[{"id":28850,"href":"https:\/\/www.egemtv.com\/index.php?rest_route=\/wp\/v2\/posts\/28848\/revisions\/28850"}],"wp:featuredmedia":[{"embeddable":true,"href":"https:\/\/www.egemtv.com\/index.php?rest_route=\/wp\/v2\/media\/28849"}],"wp:attachment":[{"href":"https:\/\/www.egemtv.com\/index.php?rest_route=%2Fwp%2Fv2%2Fmedia&parent=28848"}],"wp:term":[{"taxonomy":"category","embeddable":true,"href":"https:\/\/www.egemtv.com\/index.php?rest_route=%2Fwp%2Fv2%2Fcategories&post=28848"},{"taxonomy":"post_tag","embeddable":true,"href":"https:\/\/www.egemtv.com\/index.php?rest_route=%2Fwp%2Fv2%2Ftags&post=28848"}],"curies":[{"name":"wp","href":"https:\/\/api.w.org\/{rel}","templated":true}]}}