{"id":28845,"date":"2025-05-15T09:37:29","date_gmt":"2025-05-15T06:37:29","guid":{"rendered":"https:\/\/www.egemtv.com\/?p=28845"},"modified":"2025-05-15T09:37:31","modified_gmt":"2025-05-15T06:37:31","slug":"emirdag-ve-bayatta-egitim-alaninda-yurutulen-calismalar-degerlendirildi","status":"publish","type":"post","link":"https:\/\/www.egemtv.com\/?p=28845","title":{"rendered":"Emirda\u011f ve Bayat\u2019ta e\u011fitim alan\u0131nda y\u00fcr\u00fct\u00fclen \u00e7al\u0131\u015fmalar de\u011ferlendirildi"},"content":{"rendered":"<p>Afyonkarahisar Emirda\u011f Kaymakam\u0131 Yasin Akg\u00fcl ve Bayat Kaymakam Vekili Osman Emre \u00d6zt\u00fcrk, \u0130l Milli E\u011fitim M\u00fcd\u00fcr\u00fc Mira\u00e7 S\u00fcnnetci\u2019yi makam\u0131nda ziyaret etti.<br \/>\n<br \/>Ziyarette, il\u00e7elerde y\u00fcr\u00fct\u00fclen e\u011fitim-\u00f6\u011fretim \u00e7al\u0131\u015fmalar\u0131 ve projeler \u00fczerine kar\u015f\u0131l\u0131kl\u0131 fikir al\u0131\u015fveri\u015finde bulunuldu.<br \/>\n<br \/>\u0130l M\u00fcd\u00fcr\u00fc S\u00fcnnetci, nazik ziyaretlerinden dolay\u0131 Kaymakam Akg\u00fcl ve Kaymakam V. \u00d6zt\u00fcrk\u2019e te\u015fekk\u00fcr ederek, i\u015f birli\u011finin e\u011fitimdeki ba\u015far\u0131ya katk\u0131 sa\u011flad\u0131\u011f\u0131n\u0131 ifade etti.<br \/><\/p>\n","protected":false},"excerpt":{"rendered":"<p>Afyonkarahisar Emirda\u011f Kaymakam\u0131 Yasin Akg\u00fcl ve Bayat Kaymakam Vekili Osman Emre \u00d6zt\u00fcrk, \u0130l Milli E\u011fitim M\u00fcd\u00fcr\u00fc Mira\u00e7 S\u00fcnnetci\u2019yi makam\u0131nda ziyaret etti. Ziyarette, il\u00e7elerde y\u00fcr\u00fct\u00fclen e\u011fitim-\u00f6\u011fretim \u00e7al\u0131\u015fmalar\u0131 ve projeler \u00fczerine kar\u015f\u0131l\u0131kl\u0131 fikir al\u0131\u015fveri\u015finde bulunuldu. \u0130l M\u00fcd\u00fcr\u00fc S\u00fcnnetci, nazik ziyaretlerinden dolay\u0131 Kaymakam Akg\u00fcl ve Kaymakam V. \u00d6zt\u00fcrk\u2019e te\u015fekk\u00fcr ederek, i\u015f birli\u011finin e\u011fitimdeki ba\u015far\u0131ya katk\u0131 sa\u011flad\u0131\u011f\u0131n\u0131 ifade etti.<\/p>\n","protected":false},"author":1,"featured_media":28846,"comment_status":"open","ping_status":"open","sticky":false,"template":"","format":"standard","meta":{"_crdt_document":"","footnotes":""},"categories":[1],"tags":[],"class_list":["post-28845","post","type-post","status-publish","format-standard","has-post-thumbnail","hentry","category-guncel"],"_links":{"self":[{"href":"https:\/\/www.egemtv.com\/index.php?rest_route=\/wp\/v2\/posts\/28845","targetHints":{"allow":["GET"]}}],"collection":[{"href":"https:\/\/www.egemtv.com\/index.php?rest_route=\/wp\/v2\/posts"}],"about":[{"href":"https:\/\/www.egemtv.com\/index.php?rest_route=\/wp\/v2\/types\/post"}],"author":[{"embeddable":true,"href":"https:\/\/www.egemtv.com\/index.php?rest_route=\/wp\/v2\/users\/1"}],"replies":[{"embeddable":true,"href":"https:\/\/www.egemtv.com\/index.php?rest_route=%2Fwp%2Fv2%2Fcomments&post=28845"}],"version-history":[{"count":1,"href":"https:\/\/www.egemtv.com\/index.php?rest_route=\/wp\/v2\/posts\/28845\/revisions"}],"predecessor-version":[{"id":28847,"href":"https:\/\/www.egemtv.com\/index.php?rest_route=\/wp\/v2\/posts\/28845\/revisions\/28847"}],"wp:featuredmedia":[{"embeddable":true,"href":"https:\/\/www.egemtv.com\/index.php?rest_route=\/wp\/v2\/media\/28846"}],"wp:attachment":[{"href":"https:\/\/www.egemtv.com\/index.php?rest_route=%2Fwp%2Fv2%2Fmedia&parent=28845"}],"wp:term":[{"taxonomy":"category","embeddable":true,"href":"https:\/\/www.egemtv.com\/index.php?rest_route=%2Fwp%2Fv2%2Fcategories&post=28845"},{"taxonomy":"post_tag","embeddable":true,"href":"https:\/\/www.egemtv.com\/index.php?rest_route=%2Fwp%2Fv2%2Ftags&post=28845"}],"curies":[{"name":"wp","href":"https:\/\/api.w.org\/{rel}","templated":true}]}}