{"id":28842,"date":"2025-05-15T09:37:25","date_gmt":"2025-05-15T06:37:25","guid":{"rendered":"https:\/\/www.egemtv.com\/?p=28842"},"modified":"2025-05-15T09:37:29","modified_gmt":"2025-05-15T06:37:29","slug":"afyonkarahisarda-bir-dilim-mutluluk-etkinligi","status":"publish","type":"post","link":"https:\/\/www.egemtv.com\/?p=28842","title":{"rendered":"Afyonkarahisar\u2019da bir dilim mutluluk etkinli\u011fi"},"content":{"rendered":"<p>Engelliler Haftas\u0131 dolay\u0131s\u0131yla \u00d6zerler \u00d6zel E\u011fitim Meslek Okulu taraf\u0131ndan d\u00fczenlenen program, okul bah\u00e7esinde yo\u011fun kat\u0131l\u0131mla ger\u00e7ekle\u015ftirildi.<br \/>\n<br \/>Etkinli\u011fe \u0130l Milli E\u011fitim M\u00fcd\u00fcr\u00fc Mira\u00e7 S\u00fcnnetci, \u015eube M\u00fcd\u00fcr\u00fc Ahmet Aksoy, okul y\u00f6neticileri, \u00f6\u011fretmenler, \u00f6\u011frenciler ve veliler kat\u0131ld\u0131. Programda konu\u015fan \u0130l M\u00fcd\u00fcr\u00fc S\u00fcnnetci, \u00f6zel gereksinimli \u00f6\u011frencilerin toplumun en de\u011ferli bireyleri oldu\u011funu vurgulayarak, &#8220;Bir g\u00fcne s\u0131\u011fd\u0131r\u0131lamayacak kocaman g\u00fcl\u00fc\u015fleriyle d\u00fcnyam\u0131z\u0131 renklendiren k\u0131ymetli evlatlar\u0131m\u0131z\u0131 g\u00f6zlerinden \u00f6p\u00fcyorum&#8221; dedi.<br \/>\n<br \/>Konu\u015fmalar\u0131n ard\u0131ndan \u00f6\u011frenciler \u015fiirler okudu, g\u00f6steriler sundu ve performanslar sergiledi. Etkinlik, \u0130l M\u00fcd\u00fcr\u00fc S\u00fcnnetci\u2019nin \u00f6\u011frencilerle birlikte pasta kesimi ve hat\u0131ra foto\u011fraf\u0131 \u00e7ekimiyle sona erdi.<br \/><\/p>\n","protected":false},"excerpt":{"rendered":"<p>Engelliler Haftas\u0131 dolay\u0131s\u0131yla \u00d6zerler \u00d6zel E\u011fitim Meslek Okulu taraf\u0131ndan d\u00fczenlenen program, okul bah\u00e7esinde yo\u011fun kat\u0131l\u0131mla ger\u00e7ekle\u015ftirildi. Etkinli\u011fe \u0130l Milli E\u011fitim M\u00fcd\u00fcr\u00fc Mira\u00e7 S\u00fcnnetci, \u015eube M\u00fcd\u00fcr\u00fc Ahmet Aksoy, okul y\u00f6neticileri, \u00f6\u011fretmenler, \u00f6\u011frenciler ve veliler kat\u0131ld\u0131. Programda konu\u015fan \u0130l M\u00fcd\u00fcr\u00fc S\u00fcnnetci, \u00f6zel gereksinimli \u00f6\u011frencilerin toplumun en de\u011ferli bireyleri oldu\u011funu vurgulayarak, &#8220;Bir g\u00fcne s\u0131\u011fd\u0131r\u0131lamayacak kocaman g\u00fcl\u00fc\u015fleriyle d\u00fcnyam\u0131z\u0131 renklendiren&#8230;<\/p>\n","protected":false},"author":1,"featured_media":28843,"comment_status":"open","ping_status":"open","sticky":false,"template":"","format":"standard","meta":{"_crdt_document":"","footnotes":""},"categories":[1],"tags":[],"class_list":["post-28842","post","type-post","status-publish","format-standard","has-post-thumbnail","hentry","category-guncel"],"_links":{"self":[{"href":"https:\/\/www.egemtv.com\/index.php?rest_route=\/wp\/v2\/posts\/28842","targetHints":{"allow":["GET"]}}],"collection":[{"href":"https:\/\/www.egemtv.com\/index.php?rest_route=\/wp\/v2\/posts"}],"about":[{"href":"https:\/\/www.egemtv.com\/index.php?rest_route=\/wp\/v2\/types\/post"}],"author":[{"embeddable":true,"href":"https:\/\/www.egemtv.com\/index.php?rest_route=\/wp\/v2\/users\/1"}],"replies":[{"embeddable":true,"href":"https:\/\/www.egemtv.com\/index.php?rest_route=%2Fwp%2Fv2%2Fcomments&post=28842"}],"version-history":[{"count":1,"href":"https:\/\/www.egemtv.com\/index.php?rest_route=\/wp\/v2\/posts\/28842\/revisions"}],"predecessor-version":[{"id":28844,"href":"https:\/\/www.egemtv.com\/index.php?rest_route=\/wp\/v2\/posts\/28842\/revisions\/28844"}],"wp:featuredmedia":[{"embeddable":true,"href":"https:\/\/www.egemtv.com\/index.php?rest_route=\/wp\/v2\/media\/28843"}],"wp:attachment":[{"href":"https:\/\/www.egemtv.com\/index.php?rest_route=%2Fwp%2Fv2%2Fmedia&parent=28842"}],"wp:term":[{"taxonomy":"category","embeddable":true,"href":"https:\/\/www.egemtv.com\/index.php?rest_route=%2Fwp%2Fv2%2Fcategories&post=28842"},{"taxonomy":"post_tag","embeddable":true,"href":"https:\/\/www.egemtv.com\/index.php?rest_route=%2Fwp%2Fv2%2Ftags&post=28842"}],"curies":[{"name":"wp","href":"https:\/\/api.w.org\/{rel}","templated":true}]}}