{"id":28839,"date":"2025-05-15T09:37:20","date_gmt":"2025-05-15T06:37:20","guid":{"rendered":"https:\/\/www.egemtv.com\/?p=28839"},"modified":"2025-05-15T09:37:25","modified_gmt":"2025-05-15T06:37:25","slug":"aydinda-uyusturucu-operasyonu-6-supheli-tutuklandi","status":"publish","type":"post","link":"https:\/\/www.egemtv.com\/?p=28839","title":{"rendered":"Ayd\u0131n\u2019da uyu\u015fturucu operasyonu 6 \u015f\u00fcpheli tutukland\u0131"},"content":{"rendered":"<p>Ayd\u0131n\u2019da d\u00fczenlenen uyu\u015fturucu operasyonunda g\u00f6zalt\u0131na al\u0131nan 9 \u015f\u00fcpheliden 6\u2019s\u0131 tutukland\u0131.<\/p>\n<p>Ayd\u0131n Cumhuriyet Ba\u015fsavc\u0131l\u0131\u011f\u0131 koordinesinde \u0130l Emniyet M\u00fcd\u00fcrl\u00fc\u011f\u00fc Narkotik Su\u00e7larla M\u00fccadele \u015eube M\u00fcd\u00fcrl\u00fc\u011f\u00fc ekipleri taraf\u0131ndan 6 ay y\u00fcr\u00fct\u00fclen \u00e7al\u0131\u015fmalar kapsam\u0131nda, kent genelinde uyu\u015fturucu madde sat\u0131\u015f\u0131 yapt\u0131\u011f\u0131 belirlenen 38 \u015f\u00fcpheliye y\u00f6nelik operasyon yap\u0131ld\u0131. 30 ekip, 120 personel ve 3 narkotik dedekt\u00f6r k\u00f6pe\u011fiyle e\u015f zamanl\u0131 ger\u00e7ekle\u015ftirilen operasyonda \u015f\u00fcphelilerin adreslerinde yap\u0131lan aramada 6 kilo 400 gram metamfetamin, 8 bin 700 adet ecstasy hap, 250 gram bonzai, 15 adet sentetik ecza, 20 gram esrar ve 3 hassas terazi ele ge\u00e7irildi. S\u00f6z konusu uyu\u015fturucularla yakalanan 38 \u015f\u00fcpheliden 9\u2019u tutuklanarak cezaevine g\u00f6nderilmi\u015fti. Operasyonun devam\u0131nda, tutuklanan \u015f\u00fcphelilerle ba\u011flant\u0131l\u0131 olan ki\u015filere y\u00f6nelik teknik ve fiziki takip ba\u015flat\u0131ld\u0131. Operasyonda 9 \u015f\u00fcpheli daha &#8220;uyu\u015fturucu madde ticareti yapmak&#8221; su\u00e7undan yakalanarak g\u00f6zalt\u0131na al\u0131nd\u0131.<br \/>\n<br \/>Emniyetteki i\u015flemleri tamamlanan \u015f\u00fcpheliler, adliyeye sevk edildi. \u00c7\u0131kar\u0131ld\u0131klar\u0131 mahkemede 9 \u015f\u00fcpheliden 6\u2019s\u0131 tutuklanarak cezaevine g\u00f6nderildi.<br \/><\/p>\n","protected":false},"excerpt":{"rendered":"<p>Ayd\u0131n\u2019da d\u00fczenlenen uyu\u015fturucu operasyonunda g\u00f6zalt\u0131na al\u0131nan 9 \u015f\u00fcpheliden 6\u2019s\u0131 tutukland\u0131. Ayd\u0131n Cumhuriyet Ba\u015fsavc\u0131l\u0131\u011f\u0131 koordinesinde \u0130l Emniyet M\u00fcd\u00fcrl\u00fc\u011f\u00fc Narkotik Su\u00e7larla M\u00fccadele \u015eube M\u00fcd\u00fcrl\u00fc\u011f\u00fc ekipleri taraf\u0131ndan 6 ay y\u00fcr\u00fct\u00fclen \u00e7al\u0131\u015fmalar kapsam\u0131nda, kent genelinde uyu\u015fturucu madde sat\u0131\u015f\u0131 yapt\u0131\u011f\u0131 belirlenen 38 \u015f\u00fcpheliye y\u00f6nelik operasyon yap\u0131ld\u0131. 30 ekip, 120 personel ve 3 narkotik dedekt\u00f6r k\u00f6pe\u011fiyle e\u015f zamanl\u0131 ger\u00e7ekle\u015ftirilen operasyonda \u015f\u00fcphelilerin&#8230;<\/p>\n","protected":false},"author":1,"featured_media":28840,"comment_status":"open","ping_status":"open","sticky":false,"template":"","format":"standard","meta":{"_crdt_document":"","footnotes":""},"categories":[5],"tags":[],"class_list":["post-28839","post","type-post","status-publish","format-standard","has-post-thumbnail","hentry","category-asayis"],"_links":{"self":[{"href":"https:\/\/www.egemtv.com\/index.php?rest_route=\/wp\/v2\/posts\/28839","targetHints":{"allow":["GET"]}}],"collection":[{"href":"https:\/\/www.egemtv.com\/index.php?rest_route=\/wp\/v2\/posts"}],"about":[{"href":"https:\/\/www.egemtv.com\/index.php?rest_route=\/wp\/v2\/types\/post"}],"author":[{"embeddable":true,"href":"https:\/\/www.egemtv.com\/index.php?rest_route=\/wp\/v2\/users\/1"}],"replies":[{"embeddable":true,"href":"https:\/\/www.egemtv.com\/index.php?rest_route=%2Fwp%2Fv2%2Fcomments&post=28839"}],"version-history":[{"count":1,"href":"https:\/\/www.egemtv.com\/index.php?rest_route=\/wp\/v2\/posts\/28839\/revisions"}],"predecessor-version":[{"id":28841,"href":"https:\/\/www.egemtv.com\/index.php?rest_route=\/wp\/v2\/posts\/28839\/revisions\/28841"}],"wp:featuredmedia":[{"embeddable":true,"href":"https:\/\/www.egemtv.com\/index.php?rest_route=\/wp\/v2\/media\/28840"}],"wp:attachment":[{"href":"https:\/\/www.egemtv.com\/index.php?rest_route=%2Fwp%2Fv2%2Fmedia&parent=28839"}],"wp:term":[{"taxonomy":"category","embeddable":true,"href":"https:\/\/www.egemtv.com\/index.php?rest_route=%2Fwp%2Fv2%2Fcategories&post=28839"},{"taxonomy":"post_tag","embeddable":true,"href":"https:\/\/www.egemtv.com\/index.php?rest_route=%2Fwp%2Fv2%2Ftags&post=28839"}],"curies":[{"name":"wp","href":"https:\/\/api.w.org\/{rel}","templated":true}]}}