{"id":28836,"date":"2025-05-15T09:37:15","date_gmt":"2025-05-15T06:37:15","guid":{"rendered":"https:\/\/www.egemtv.com\/?p=28836"},"modified":"2025-05-15T09:37:20","modified_gmt":"2025-05-15T06:37:20","slug":"kaymakam-bildiriciden-egitim-ve-saglik-kurumlarina-ziyaret","status":"publish","type":"post","link":"https:\/\/www.egemtv.com\/?p=28836","title":{"rendered":"Kaymakam Bildirici\u2019den e\u011fitim ve sa\u011fl\u0131k kurumlar\u0131na ziyaret"},"content":{"rendered":"<p>\u0130hsaniye Kaymakam\u0131 \u0130smail Bildirici, \u0130hsaniye Milli E\u011fitim M\u00fcd\u00fcr\u00fc Arif Kavas ile birlikte Mehmet Akif \u0130nan \u0130mam Hatip Ortaokulu taraf\u0131ndan d\u00fczenlenen etkinli\u011fe kat\u0131ld\u0131.<br \/>\n<br \/>Etkinli\u011fin ard\u0131ndan \u0130hsaniye Devlet Hastanesi\u2019ni ziyaret eden Kaymakam Bildirici, Ba\u015fhekim Opr. Dr. Osman \u015ean\u2019dan hastane \u00e7al\u0131\u015fmalar\u0131 ve sunulan sa\u011fl\u0131k hizmetleri hakk\u0131nda bilgi ald\u0131.<br \/>\n<br \/>G\u00fcn\u00fcn son program\u0131nda ise Osmank\u00f6y Ortaokulu ve \u0130lkokulu\u2019nda uygulanan \u0130hya Projesi kapsam\u0131nda d\u00fczenlenen D\u00fcnya \u00c7ift\u00e7iler G\u00fcn\u00fc kutlama etkinli\u011fine kat\u0131ld\u0131. Etkinlikte dereceye giren \u00f6\u011frencilere \u00f6d\u00fclleri Kaymakam Bildirici taraf\u0131ndan takdim edildi.<br \/><\/p>\n","protected":false},"excerpt":{"rendered":"<p>\u0130hsaniye Kaymakam\u0131 \u0130smail Bildirici, \u0130hsaniye Milli E\u011fitim M\u00fcd\u00fcr\u00fc Arif Kavas ile birlikte Mehmet Akif \u0130nan \u0130mam Hatip Ortaokulu taraf\u0131ndan d\u00fczenlenen etkinli\u011fe kat\u0131ld\u0131. Etkinli\u011fin ard\u0131ndan \u0130hsaniye Devlet Hastanesi\u2019ni ziyaret eden Kaymakam Bildirici, Ba\u015fhekim Opr. Dr. Osman \u015ean\u2019dan hastane \u00e7al\u0131\u015fmalar\u0131 ve sunulan sa\u011fl\u0131k hizmetleri hakk\u0131nda bilgi ald\u0131. G\u00fcn\u00fcn son program\u0131nda ise Osmank\u00f6y Ortaokulu ve \u0130lkokulu\u2019nda uygulanan \u0130hya&#8230;<\/p>\n","protected":false},"author":1,"featured_media":28837,"comment_status":"open","ping_status":"open","sticky":false,"template":"","format":"standard","meta":{"_crdt_document":"","footnotes":""},"categories":[1],"tags":[],"class_list":["post-28836","post","type-post","status-publish","format-standard","has-post-thumbnail","hentry","category-guncel"],"_links":{"self":[{"href":"https:\/\/www.egemtv.com\/index.php?rest_route=\/wp\/v2\/posts\/28836","targetHints":{"allow":["GET"]}}],"collection":[{"href":"https:\/\/www.egemtv.com\/index.php?rest_route=\/wp\/v2\/posts"}],"about":[{"href":"https:\/\/www.egemtv.com\/index.php?rest_route=\/wp\/v2\/types\/post"}],"author":[{"embeddable":true,"href":"https:\/\/www.egemtv.com\/index.php?rest_route=\/wp\/v2\/users\/1"}],"replies":[{"embeddable":true,"href":"https:\/\/www.egemtv.com\/index.php?rest_route=%2Fwp%2Fv2%2Fcomments&post=28836"}],"version-history":[{"count":1,"href":"https:\/\/www.egemtv.com\/index.php?rest_route=\/wp\/v2\/posts\/28836\/revisions"}],"predecessor-version":[{"id":28838,"href":"https:\/\/www.egemtv.com\/index.php?rest_route=\/wp\/v2\/posts\/28836\/revisions\/28838"}],"wp:featuredmedia":[{"embeddable":true,"href":"https:\/\/www.egemtv.com\/index.php?rest_route=\/wp\/v2\/media\/28837"}],"wp:attachment":[{"href":"https:\/\/www.egemtv.com\/index.php?rest_route=%2Fwp%2Fv2%2Fmedia&parent=28836"}],"wp:term":[{"taxonomy":"category","embeddable":true,"href":"https:\/\/www.egemtv.com\/index.php?rest_route=%2Fwp%2Fv2%2Fcategories&post=28836"},{"taxonomy":"post_tag","embeddable":true,"href":"https:\/\/www.egemtv.com\/index.php?rest_route=%2Fwp%2Fv2%2Ftags&post=28836"}],"curies":[{"name":"wp","href":"https:\/\/api.w.org\/{rel}","templated":true}]}}