{"id":28830,"date":"2025-05-15T09:37:06","date_gmt":"2025-05-15T06:37:06","guid":{"rendered":"https:\/\/www.egemtv.com\/?p=28830"},"modified":"2025-05-15T09:37:10","modified_gmt":"2025-05-15T06:37:10","slug":"vali-coskun-denizli-halki-dusmanin-bu-topraklara-adim-atmasina-asla-izin-vermemistir","status":"publish","type":"post","link":"https:\/\/www.egemtv.com\/?p=28830","title":{"rendered":"Vali Co\u015fkun; &#8220;Denizli halk\u0131, d\u00fc\u015fman\u0131n bu topraklara ad\u0131m atmas\u0131na asla izin vermemi\u015ftir&#8221;"},"content":{"rendered":"<p>DEN\u0130ZL\u0130 (\u0130HA) \u2013 Denizli Valisi \u00d6mer Faruk Co\u015fkun, &#8220;Denizli halk\u0131, vatan topra\u011f\u0131n\u0131n kutsall\u0131\u011f\u0131na olan derin inanc\u0131 ve sars\u0131lmaz kararl\u0131l\u0131\u011f\u0131yla, d\u00fc\u015fman\u0131n bu topraklara ad\u0131m atmas\u0131na asla izin vermemi\u015ftir&#8221; dedi.<\/p>\n<p>Denizli Valisi \u00d6mer Faruk Co\u015fkun, 15 May\u0131s Mill\u00ee M\u00fccadele G\u00fcn\u00fc dolay\u0131s\u0131yla bir mesaj yay\u0131mlad\u0131. Denizli\u2019nin Milli M\u00fccadeledeki \u00f6nemine i\u015faret eden Vali Co\u015fkun; &#8220;T\u00fcrk milleti, binlerce y\u0131ll\u0131k tarihi boyunca ba\u011f\u0131ms\u0131zl\u0131\u011f\u0131na ve h\u00fcrriyetine her zaman b\u00fcy\u00fck bir hassasiyetle sahip \u00e7\u0131km\u0131\u015ft\u0131r. Asil T\u00fcrk milleti, ba\u011f\u0131ms\u0131z ya\u015fama iradesini her t\u00fcrl\u00fc zorluk ve tehdit kar\u015f\u0131s\u0131nda dahi kararl\u0131l\u0131kla korumu\u015f, gerekti\u011finde bu u\u011furda can vermekten asla \u00e7ekinmemi\u015ftir. M\u00fcft\u00fc Ahmet Hulusi Efendi, 15 May\u0131s 1919\u2019daki fetvas\u0131nda, \u2018Silahlar\u0131m\u0131z olmayabilir, fakat d\u00fc\u015fman kar\u015f\u0131s\u0131na sapan ta\u015flar\u0131m\u0131zla da \u00e7\u0131kaca\u011f\u0131z. \u0130stiklal a\u015fk\u0131, vatan sevgisi ve kalbimizdeki imanla zaferi elde edece\u011fiz. Can\u0131n\u0131 verenler \u015fehit, hayatta kalanlar gazidir. Bu, mutlak bir cih\u00e2d-\u0131 mukaddestir\u2019 diyerek milletimizin kararl\u0131l\u0131\u011f\u0131n\u0131 ve iman\u0131n\u0131 vurgulam\u0131\u015ft\u0131r. Bu fetva ile birlikte Denizli halk\u0131, vatan topra\u011f\u0131n\u0131n kutsall\u0131\u011f\u0131na olan derin inanc\u0131 ve sars\u0131lmaz kararl\u0131l\u0131\u011f\u0131yla, d\u00fc\u015fman\u0131n bu topraklara ad\u0131m atmas\u0131na asla izin vermemi\u015ftir.<br \/>\n<br \/>Bug\u00fcn bizlere d\u00fc\u015fen g\u00f6rev; atalar\u0131m\u0131zdan devrald\u0131\u011f\u0131m\u0131z bu y\u00fcce miras\u0131 ya\u015fatmak, milletimizin ba\u011f\u0131ms\u0131zl\u0131\u011f\u0131na y\u00f6nelen her tehdide kar\u015f\u0131 uyan\u0131k olmak, daima birlik ve beraberlik i\u00e7inde hareket etmek ve Mill\u00ee M\u00fccadele ruhunu gelecek nesillere aktarmakt\u0131r. Bu d\u00fc\u015f\u00fcncelerle, ba\u015fta Gazi Mustafa Kemal Atat\u00fcrk olmak \u00fczere, Milli M\u00fccadele\u2019de Denizli halk\u0131na \u00f6nc\u00fcl\u00fck eden M\u00fcft\u00fc Ahmet Hulusi Efendi\u2019yi ve t\u00fcm kahramanlar\u0131m\u0131z\u0131; \u00fclkemizin ve milletimizin b\u00f6l\u00fcnmez b\u00fct\u00fcnl\u00fc\u011f\u00fc i\u00e7in canlar\u0131n\u0131 veren aziz \u015fehitlerimizi ve kahraman gazilerimizi rahmet ve minnetle an\u0131yorum&#8221; ifadelerini kulland\u0131.<br \/><\/p>\n","protected":false},"excerpt":{"rendered":"<p>DEN\u0130ZL\u0130 (\u0130HA) \u2013 Denizli Valisi \u00d6mer Faruk Co\u015fkun, &#8220;Denizli halk\u0131, vatan topra\u011f\u0131n\u0131n kutsall\u0131\u011f\u0131na olan derin inanc\u0131 ve sars\u0131lmaz kararl\u0131l\u0131\u011f\u0131yla, d\u00fc\u015fman\u0131n bu topraklara ad\u0131m atmas\u0131na asla izin vermemi\u015ftir&#8221; dedi. Denizli Valisi \u00d6mer Faruk Co\u015fkun, 15 May\u0131s Mill\u00ee M\u00fccadele G\u00fcn\u00fc dolay\u0131s\u0131yla bir mesaj yay\u0131mlad\u0131. Denizli\u2019nin Milli M\u00fccadeledeki \u00f6nemine i\u015faret eden Vali Co\u015fkun; &#8220;T\u00fcrk milleti, binlerce y\u0131ll\u0131k tarihi&#8230;<\/p>\n","protected":false},"author":1,"featured_media":28831,"comment_status":"open","ping_status":"open","sticky":false,"template":"","format":"standard","meta":{"_crdt_document":"","footnotes":""},"categories":[123],"tags":[],"class_list":["post-28830","post","type-post","status-publish","format-standard","has-post-thumbnail","hentry","category-gundem"],"_links":{"self":[{"href":"https:\/\/www.egemtv.com\/index.php?rest_route=\/wp\/v2\/posts\/28830","targetHints":{"allow":["GET"]}}],"collection":[{"href":"https:\/\/www.egemtv.com\/index.php?rest_route=\/wp\/v2\/posts"}],"about":[{"href":"https:\/\/www.egemtv.com\/index.php?rest_route=\/wp\/v2\/types\/post"}],"author":[{"embeddable":true,"href":"https:\/\/www.egemtv.com\/index.php?rest_route=\/wp\/v2\/users\/1"}],"replies":[{"embeddable":true,"href":"https:\/\/www.egemtv.com\/index.php?rest_route=%2Fwp%2Fv2%2Fcomments&post=28830"}],"version-history":[{"count":1,"href":"https:\/\/www.egemtv.com\/index.php?rest_route=\/wp\/v2\/posts\/28830\/revisions"}],"predecessor-version":[{"id":28832,"href":"https:\/\/www.egemtv.com\/index.php?rest_route=\/wp\/v2\/posts\/28830\/revisions\/28832"}],"wp:featuredmedia":[{"embeddable":true,"href":"https:\/\/www.egemtv.com\/index.php?rest_route=\/wp\/v2\/media\/28831"}],"wp:attachment":[{"href":"https:\/\/www.egemtv.com\/index.php?rest_route=%2Fwp%2Fv2%2Fmedia&parent=28830"}],"wp:term":[{"taxonomy":"category","embeddable":true,"href":"https:\/\/www.egemtv.com\/index.php?rest_route=%2Fwp%2Fv2%2Fcategories&post=28830"},{"taxonomy":"post_tag","embeddable":true,"href":"https:\/\/www.egemtv.com\/index.php?rest_route=%2Fwp%2Fv2%2Ftags&post=28830"}],"curies":[{"name":"wp","href":"https:\/\/api.w.org\/{rel}","templated":true}]}}