{"id":28827,"date":"2025-05-15T09:37:01","date_gmt":"2025-05-15T06:37:01","guid":{"rendered":"https:\/\/www.egemtv.com\/?p=28827"},"modified":"2025-05-15T09:37:05","modified_gmt":"2025-05-15T06:37:05","slug":"koycegizli-haci-adaylari-dualarla-ugurlandi","status":"publish","type":"post","link":"https:\/\/www.egemtv.com\/?p=28827","title":{"rendered":"K\u00f6yce\u011fizli hac\u0131 adaylar\u0131 dualarla u\u011furland\u0131"},"content":{"rendered":"<p>Mu\u011fla\u2019n\u0131n K\u00f6yce\u011fiz il\u00e7esinde hacca gidecek olan 21 vatanda\u015f dualarla u\u011furland\u0131.<\/p>\n<p>K\u00f6yce\u011fiz\u2019den bu y\u0131l hem Diyanet \u0130\u015fleri Ba\u015fkanl\u0131\u011f\u0131 ve hem de T\u00fcrsab organizasyonu ile toplam 21 hac\u0131 aday\u0131 Arafata \u00e7\u0131k\u0131p hac\u0131 olacak. Hac\u0131 adaylar\u0131 i\u00e7in K\u00f6yce\u011fiz M\u00fcft\u00fcl\u00fc\u011f\u00fc taraf\u0131ndan Toparlar Merkez Camii\u2019nde u\u011furlama t\u00f6reni d\u00fczenlendi. Kur\u2019an-\u0131 Kerim tilavetiyle ba\u015flayan program, din g\u00f6revlileri Murat Ya\u015far, Selman G\u00fcndo\u011fdu ve Mustafa G\u00fcrhan\u2019\u0131n tekbir, telbiye, ilahi ve salavatlar\u0131yla devam etti. T\u00f6rende konu\u015fan \u0130l\u00e7e M\u00fcft\u00fcs\u00fc Ahmet Karag\u00f6z; &#8220;Allah\u2019\u0131n \u2019Hacc\u0131 ve Umreyi Allah i\u00e7in tamamlay\u0131n\u2019 emri gere\u011fi \u0130slam\u2019\u0131n be\u015f \u015fart\u0131ndan biri olan hac farizas\u0131n\u0131 ifa etmek \u00fczere siz k\u0131ymetli hac\u0131 adaylar\u0131m\u0131z\u0131, bizler buradan dualarla u\u011furluyor ve kutsal beldelerde de sizlerden, \u00fclkemiz, milletimiz, \u015fanl\u0131 bayra\u011f\u0131m\u0131z ve bizler i\u00e7in dua bekliyoruz. Rabbim mebrur bir hac yap\u0131p salimen \u00fclkemize, sevdiklerinize d\u00f6nmeyi nasip etsin. \u0130badetleriniz makbul, g\u00fcnahlar\u0131n\u0131z ma\u011ffur, yolunuz a\u00e7\u0131k olsun&#8221; dedi.<\/p>\n<p>M\u00fcft\u00fc Karag\u00f6z\u2019\u00fcn yapt\u0131\u011f\u0131 duadan sonra hacca gidenleri u\u011furlamaya gelen yak\u0131nlar\u0131 ve vatanda\u015flar duygulanarak g\u00f6zya\u015flar\u0131 ile hac\u0131 adaylar\u0131n\u0131 yolcu ettiler. Dalaman havaliman\u0131ndan Medine-i M\u00fcnevvere\u2019ye hareket eden hac\u0131 adaylar\u0131 Medine\u2019de ziyaret ve g\u00f6revlerini tamamlad\u0131ktan sonra Mekke\u2019ye ge\u00e7ip Arafat Vakfesi ile di\u011fer g\u00f6revlerini yap\u0131p Hac farizas\u0131n\u0131 yerine getirdikten sonra Temmuz ay\u0131n\u0131n ba\u015flar\u0131nda yurda d\u00f6necekler.<br \/><\/p>\n","protected":false},"excerpt":{"rendered":"<p>Mu\u011fla\u2019n\u0131n K\u00f6yce\u011fiz il\u00e7esinde hacca gidecek olan 21 vatanda\u015f dualarla u\u011furland\u0131. K\u00f6yce\u011fiz\u2019den bu y\u0131l hem Diyanet \u0130\u015fleri Ba\u015fkanl\u0131\u011f\u0131 ve hem de T\u00fcrsab organizasyonu ile toplam 21 hac\u0131 aday\u0131 Arafata \u00e7\u0131k\u0131p hac\u0131 olacak. Hac\u0131 adaylar\u0131 i\u00e7in K\u00f6yce\u011fiz M\u00fcft\u00fcl\u00fc\u011f\u00fc taraf\u0131ndan Toparlar Merkez Camii\u2019nde u\u011furlama t\u00f6reni d\u00fczenlendi. Kur\u2019an-\u0131 Kerim tilavetiyle ba\u015flayan program, din g\u00f6revlileri Murat Ya\u015far, Selman G\u00fcndo\u011fdu ve&#8230;<\/p>\n","protected":false},"author":1,"featured_media":28828,"comment_status":"open","ping_status":"open","sticky":false,"template":"","format":"standard","meta":{"_crdt_document":"","footnotes":""},"categories":[1],"tags":[],"class_list":["post-28827","post","type-post","status-publish","format-standard","has-post-thumbnail","hentry","category-guncel"],"_links":{"self":[{"href":"https:\/\/www.egemtv.com\/index.php?rest_route=\/wp\/v2\/posts\/28827","targetHints":{"allow":["GET"]}}],"collection":[{"href":"https:\/\/www.egemtv.com\/index.php?rest_route=\/wp\/v2\/posts"}],"about":[{"href":"https:\/\/www.egemtv.com\/index.php?rest_route=\/wp\/v2\/types\/post"}],"author":[{"embeddable":true,"href":"https:\/\/www.egemtv.com\/index.php?rest_route=\/wp\/v2\/users\/1"}],"replies":[{"embeddable":true,"href":"https:\/\/www.egemtv.com\/index.php?rest_route=%2Fwp%2Fv2%2Fcomments&post=28827"}],"version-history":[{"count":1,"href":"https:\/\/www.egemtv.com\/index.php?rest_route=\/wp\/v2\/posts\/28827\/revisions"}],"predecessor-version":[{"id":28829,"href":"https:\/\/www.egemtv.com\/index.php?rest_route=\/wp\/v2\/posts\/28827\/revisions\/28829"}],"wp:featuredmedia":[{"embeddable":true,"href":"https:\/\/www.egemtv.com\/index.php?rest_route=\/wp\/v2\/media\/28828"}],"wp:attachment":[{"href":"https:\/\/www.egemtv.com\/index.php?rest_route=%2Fwp%2Fv2%2Fmedia&parent=28827"}],"wp:term":[{"taxonomy":"category","embeddable":true,"href":"https:\/\/www.egemtv.com\/index.php?rest_route=%2Fwp%2Fv2%2Fcategories&post=28827"},{"taxonomy":"post_tag","embeddable":true,"href":"https:\/\/www.egemtv.com\/index.php?rest_route=%2Fwp%2Fv2%2Ftags&post=28827"}],"curies":[{"name":"wp","href":"https:\/\/api.w.org\/{rel}","templated":true}]}}