{"id":28824,"date":"2025-05-15T09:15:40","date_gmt":"2025-05-15T06:15:40","guid":{"rendered":"https:\/\/www.egemtv.com\/?p=28824"},"modified":"2025-05-15T09:15:44","modified_gmt":"2025-05-15T06:15:44","slug":"aras-ciftine-kina-surprizi","status":"publish","type":"post","link":"https:\/\/www.egemtv.com\/?p=28824","title":{"rendered":"Aras \u00e7iftine k\u0131na s\u00fcrprizi"},"content":{"rendered":"<p>Ge\u00e7ti\u011fimiz aylarda ani bir kararla evlilik karar\u0131 alan Mu\u011fla B\u00fcy\u00fck\u015fehir Belediye Ba\u015fkan\u0131 Ahmet Aras ve Mente\u015fe Belediye Ba\u015fkan\u0131 Gonca K\u00f6ksal Aras sade bir t\u00f6ren ile nik\u00e2hlar\u0131 k\u0131y\u0131lm\u0131\u015ft\u0131.<br \/>\n<br \/>Evlilik karar\u0131 alan Ahmet Aras, nik\u00e2hlar\u0131n\u0131n sade bir t\u00f6ren ile T\u00fcrk \u00f6rf ve geleneklerine uygun olarak k\u0131y\u0131laca\u011f\u0131n\u0131 a\u00e7\u0131klam\u0131\u015ft\u0131. Geli\u015fen siyasi olaylar nedeniyle Aras \u00e7ifti nik\u00e2hlar\u0131n\u0131 kalabal\u0131k bir ortam yerine sade bir t\u00f6ren ile k\u0131yarak ya\u015famlar\u0131n\u0131 birle\u015ftirmi\u015fleri.<br \/>\n<br \/>Mu\u011fla B\u00fcy\u00fck\u015fehir Belediye Ba\u015fkan\u0131 Ahmet Aras ve Mente\u015fe Belediye Ba\u015fkan\u0131 Gonca K\u00f6ksal Aras\u2019\u0131n ani karar\u0131 ile T\u00fcrk \u00f6rf ve adetlerinde \u00f6nemli bir yer tutan ve yap\u0131lamayan geleneksel k\u0131na gecesi Mu\u011fla Engelliler Derne\u011fi taraf\u0131ndan d\u00fczenlenen anlaml\u0131 bir gecede ger\u00e7ekle\u015ftirildi.<br \/>\n<br \/>Mu\u011fla B\u00fcy\u00fck\u015fehir Belediye Ba\u015fkan\u0131 Ahmet Aras ve Mente\u015fe Belediye Ba\u015fkan\u0131 Gonca K\u00f6ksal Aras i\u00e7in Mu\u011fla Engelliler Derne\u011fi Ba\u015fkan\u0131 Emine \u00c7ak\u0131ro\u011flu Aras \u00e7iftine s\u00fcrpriz yaparak yap\u0131lamayan k\u0131na yakma t\u00f6renini bu anmal\u0131 gecede ger\u00e7ekle\u015ftirdi ve geleneksel bir adeti yerine getirdi.<br \/><\/p>\n","protected":false},"excerpt":{"rendered":"<p>Ge\u00e7ti\u011fimiz aylarda ani bir kararla evlilik karar\u0131 alan Mu\u011fla B\u00fcy\u00fck\u015fehir Belediye Ba\u015fkan\u0131 Ahmet Aras ve Mente\u015fe Belediye Ba\u015fkan\u0131 Gonca K\u00f6ksal Aras sade bir t\u00f6ren ile nik\u00e2hlar\u0131 k\u0131y\u0131lm\u0131\u015ft\u0131. Evlilik karar\u0131 alan Ahmet Aras, nik\u00e2hlar\u0131n\u0131n sade bir t\u00f6ren ile T\u00fcrk \u00f6rf ve geleneklerine uygun olarak k\u0131y\u0131laca\u011f\u0131n\u0131 a\u00e7\u0131klam\u0131\u015ft\u0131. Geli\u015fen siyasi olaylar nedeniyle Aras \u00e7ifti nik\u00e2hlar\u0131n\u0131 kalabal\u0131k bir ortam&#8230;<\/p>\n","protected":false},"author":1,"featured_media":28825,"comment_status":"open","ping_status":"open","sticky":false,"template":"","format":"standard","meta":{"_crdt_document":"","footnotes":""},"categories":[123],"tags":[],"class_list":["post-28824","post","type-post","status-publish","format-standard","has-post-thumbnail","hentry","category-gundem"],"_links":{"self":[{"href":"https:\/\/www.egemtv.com\/index.php?rest_route=\/wp\/v2\/posts\/28824","targetHints":{"allow":["GET"]}}],"collection":[{"href":"https:\/\/www.egemtv.com\/index.php?rest_route=\/wp\/v2\/posts"}],"about":[{"href":"https:\/\/www.egemtv.com\/index.php?rest_route=\/wp\/v2\/types\/post"}],"author":[{"embeddable":true,"href":"https:\/\/www.egemtv.com\/index.php?rest_route=\/wp\/v2\/users\/1"}],"replies":[{"embeddable":true,"href":"https:\/\/www.egemtv.com\/index.php?rest_route=%2Fwp%2Fv2%2Fcomments&post=28824"}],"version-history":[{"count":1,"href":"https:\/\/www.egemtv.com\/index.php?rest_route=\/wp\/v2\/posts\/28824\/revisions"}],"predecessor-version":[{"id":28826,"href":"https:\/\/www.egemtv.com\/index.php?rest_route=\/wp\/v2\/posts\/28824\/revisions\/28826"}],"wp:featuredmedia":[{"embeddable":true,"href":"https:\/\/www.egemtv.com\/index.php?rest_route=\/wp\/v2\/media\/28825"}],"wp:attachment":[{"href":"https:\/\/www.egemtv.com\/index.php?rest_route=%2Fwp%2Fv2%2Fmedia&parent=28824"}],"wp:term":[{"taxonomy":"category","embeddable":true,"href":"https:\/\/www.egemtv.com\/index.php?rest_route=%2Fwp%2Fv2%2Fcategories&post=28824"},{"taxonomy":"post_tag","embeddable":true,"href":"https:\/\/www.egemtv.com\/index.php?rest_route=%2Fwp%2Fv2%2Ftags&post=28824"}],"curies":[{"name":"wp","href":"https:\/\/api.w.org\/{rel}","templated":true}]}}