{"id":28821,"date":"2025-05-15T08:55:24","date_gmt":"2025-05-15T05:55:24","guid":{"rendered":"https:\/\/www.egemtv.com\/?p=28821"},"modified":"2025-05-15T08:55:29","modified_gmt":"2025-05-15T05:55:29","slug":"engelli-bireyler-icin-asker-kina-gecesi","status":"publish","type":"post","link":"https:\/\/www.egemtv.com\/?p=28821","title":{"rendered":"Engelli bireyler i\u00e7in \u2018Asker K\u0131na Gecesi\u2019"},"content":{"rendered":"<p>Mu\u011fla Engelliler Derne\u011fi taraf\u0131ndan Mente\u015fe \u00d6\u011fretmenevinde, temsili askerlik yapacak engelli bireyler i\u00e7in k\u0131na gecesi d\u00fczenlendi. Duygusal anlar\u0131n ya\u015fand\u0131\u011f\u0131 geceye, engelli bireyler ve ailelerinin yan\u0131 s\u0131ra Mu\u011fla protokol\u00fc de bu anlaml\u0131 gecede engelli bireyleri yaln\u0131z b\u0131rakmad\u0131.<br \/>\n<br \/>Programa Mu\u011fla Valisi Dr. \u0130dris Akb\u0131y\u0131k ve e\u015fi Sevim Akb\u0131y\u0131k, Mu\u011fla B\u00fcy\u00fck\u015fehir Belediye Ba\u015fkan\u0131 Ahmet Aras, Mente\u015fe Belediye Ba\u015fkan\u0131 Gonca K\u00f6ksal Aras, Mente\u015fe Kaymakam\u0131 Mehmet Eri\u015f ile siyasi partilerin temsilcileri ve aileler kat\u0131ld\u0131.<br \/>\n<br \/>Etkinlikte, engelli bireyler m\u00fczik e\u015fli\u011finde dans ederek g\u00f6n\u00fcllerince e\u011flendi. Geceye \u00f6zel haz\u0131rlanan, T\u00fcrk bayra\u011f\u0131 desenli ve \u00fczerinde \u2018En b\u00fcy\u00fck asker, bizim asker\u2019 yaz\u0131l\u0131 pasta, Mu\u011fla Valisi Dr. \u0130dris Akb\u0131y\u0131k, B\u00fcy\u00fck\u015fehir Belediye Ba\u015fkan\u0131 Ahmet Aras ve di\u011fer protokol \u00fcyeleri taraf\u0131ndan kesildi.<br \/>\n<br \/>Mu\u011fla Valisi Dr. \u0130dris Akb\u0131y\u0131k, &#8220;Bu anlaml\u0131 gecede, vatan sevgisinin engel tan\u0131mad\u0131\u011f\u0131n\u0131 bizlere g\u00f6steren gen\u00e7lerimizin heyecan\u0131na ortak olmaktan gurur duyuyoruz. Onlar\u0131n hayallerine bir ad\u0131m daha yakla\u015fmas\u0131 bizler i\u00e7in b\u00fcy\u00fck bir mutluluk kayna\u011f\u0131d\u0131r&#8221; dedi.<br \/>\n<br \/>Mu\u011fla Engelliler Derne\u011fi yetkilileri, temsili askerlik g\u00f6revini yerine getirecek engelli bireyler i\u00e7in d\u00fczenlenen bu gecenin, onlar\u0131n hayat\u0131nda unutulmaz bir an\u0131 olarak kalaca\u011f\u0131n\u0131 belirtti.<br \/><\/p>\n","protected":false},"excerpt":{"rendered":"<p>Mu\u011fla Engelliler Derne\u011fi taraf\u0131ndan Mente\u015fe \u00d6\u011fretmenevinde, temsili askerlik yapacak engelli bireyler i\u00e7in k\u0131na gecesi d\u00fczenlendi. Duygusal anlar\u0131n ya\u015fand\u0131\u011f\u0131 geceye, engelli bireyler ve ailelerinin yan\u0131 s\u0131ra Mu\u011fla protokol\u00fc de bu anlaml\u0131 gecede engelli bireyleri yaln\u0131z b\u0131rakmad\u0131. Programa Mu\u011fla Valisi Dr. \u0130dris Akb\u0131y\u0131k ve e\u015fi Sevim Akb\u0131y\u0131k, Mu\u011fla B\u00fcy\u00fck\u015fehir Belediye Ba\u015fkan\u0131 Ahmet Aras, Mente\u015fe Belediye Ba\u015fkan\u0131 Gonca&#8230;<\/p>\n","protected":false},"author":1,"featured_media":28822,"comment_status":"open","ping_status":"open","sticky":false,"template":"","format":"standard","meta":{"_crdt_document":"","footnotes":""},"categories":[123],"tags":[],"class_list":["post-28821","post","type-post","status-publish","format-standard","has-post-thumbnail","hentry","category-gundem"],"_links":{"self":[{"href":"https:\/\/www.egemtv.com\/index.php?rest_route=\/wp\/v2\/posts\/28821","targetHints":{"allow":["GET"]}}],"collection":[{"href":"https:\/\/www.egemtv.com\/index.php?rest_route=\/wp\/v2\/posts"}],"about":[{"href":"https:\/\/www.egemtv.com\/index.php?rest_route=\/wp\/v2\/types\/post"}],"author":[{"embeddable":true,"href":"https:\/\/www.egemtv.com\/index.php?rest_route=\/wp\/v2\/users\/1"}],"replies":[{"embeddable":true,"href":"https:\/\/www.egemtv.com\/index.php?rest_route=%2Fwp%2Fv2%2Fcomments&post=28821"}],"version-history":[{"count":1,"href":"https:\/\/www.egemtv.com\/index.php?rest_route=\/wp\/v2\/posts\/28821\/revisions"}],"predecessor-version":[{"id":28823,"href":"https:\/\/www.egemtv.com\/index.php?rest_route=\/wp\/v2\/posts\/28821\/revisions\/28823"}],"wp:featuredmedia":[{"embeddable":true,"href":"https:\/\/www.egemtv.com\/index.php?rest_route=\/wp\/v2\/media\/28822"}],"wp:attachment":[{"href":"https:\/\/www.egemtv.com\/index.php?rest_route=%2Fwp%2Fv2%2Fmedia&parent=28821"}],"wp:term":[{"taxonomy":"category","embeddable":true,"href":"https:\/\/www.egemtv.com\/index.php?rest_route=%2Fwp%2Fv2%2Fcategories&post=28821"},{"taxonomy":"post_tag","embeddable":true,"href":"https:\/\/www.egemtv.com\/index.php?rest_route=%2Fwp%2Fv2%2Ftags&post=28821"}],"curies":[{"name":"wp","href":"https:\/\/api.w.org\/{rel}","templated":true}]}}