{"id":28818,"date":"2025-05-15T08:14:54","date_gmt":"2025-05-15T05:14:54","guid":{"rendered":"https:\/\/www.egemtv.com\/?p=28818"},"modified":"2025-05-15T08:14:58","modified_gmt":"2025-05-15T05:14:58","slug":"mentese-anadolu-lisesinden-bilimsel-basari","status":"publish","type":"post","link":"https:\/\/www.egemtv.com\/?p=28818","title":{"rendered":"Mente\u015fe Anadolu Lisesi\u2019nden bilimsel ba\u015far\u0131"},"content":{"rendered":"<p>Milli E\u011fitim Bakanl\u0131\u011f\u0131 taraf\u0131ndan y\u00fcr\u00fct\u00fclen Liselerde Bilim Uygulamalar\u0131 Projesi kapsam\u0131nda, 12 proje okulunun kat\u0131l\u0131m\u0131yla Mu\u011fla S\u0131tk\u0131 Ko\u00e7man \u00dcniversitesi\u2019nde \u2018Kar\u015f\u0131la\u015ft\u0131rmal\u0131 Medeniyet Tarihi Sempozyumu\u2019 ger\u00e7ekle\u015ftirildi.<br \/>\n<br \/>Mente\u015fe Anadolu Lisesi koordinat\u00f6rl\u00fc\u011f\u00fcnde d\u00fczenlenen sempozyum, \u00f6\u011frencilerin yo\u011fun kat\u0131l\u0131m\u0131yla b\u00fcy\u00fck ilgi g\u00f6rd\u00fc. \u0130l genelindeki proje okullar\u0131ndan \u00f6\u011frencilerin haz\u0131rlad\u0131\u011f\u0131 makale ve posterler Bilim Kurulu taraf\u0131ndan titizlikle de\u011ferlendirildi. De\u011ferlendirme sonucunda, sempozyumda sunulmaya hak kazanan 43 makalenin 19\u2019u ve 42 posterin 21\u2019i Mente\u015fe Anadolu Lisesi \u00f6\u011frencileri taraf\u0131ndan haz\u0131rland\u0131.<br \/>\n<br \/>Okul M\u00fcd\u00fcr\u00fc Mehmet Akif A\u011f\u0131r, &#8220;Bu ba\u015far\u0131, okulumuzun bilimsel \u00e7al\u0131\u015fmalara verdi\u011fi \u00f6nemi ve \u00f6\u011frencilerimizin ara\u015ft\u0131rma yetkinli\u011fini bir kez daha ortaya koymu\u015ftur&#8221; dedi.<br \/><\/p>\n","protected":false},"excerpt":{"rendered":"<p>Milli E\u011fitim Bakanl\u0131\u011f\u0131 taraf\u0131ndan y\u00fcr\u00fct\u00fclen Liselerde Bilim Uygulamalar\u0131 Projesi kapsam\u0131nda, 12 proje okulunun kat\u0131l\u0131m\u0131yla Mu\u011fla S\u0131tk\u0131 Ko\u00e7man \u00dcniversitesi\u2019nde \u2018Kar\u015f\u0131la\u015ft\u0131rmal\u0131 Medeniyet Tarihi Sempozyumu\u2019 ger\u00e7ekle\u015ftirildi. Mente\u015fe Anadolu Lisesi koordinat\u00f6rl\u00fc\u011f\u00fcnde d\u00fczenlenen sempozyum, \u00f6\u011frencilerin yo\u011fun kat\u0131l\u0131m\u0131yla b\u00fcy\u00fck ilgi g\u00f6rd\u00fc. \u0130l genelindeki proje okullar\u0131ndan \u00f6\u011frencilerin haz\u0131rlad\u0131\u011f\u0131 makale ve posterler Bilim Kurulu taraf\u0131ndan titizlikle de\u011ferlendirildi. De\u011ferlendirme sonucunda, sempozyumda sunulmaya hak kazanan&#8230;<\/p>\n","protected":false},"author":1,"featured_media":28819,"comment_status":"open","ping_status":"open","sticky":false,"template":"","format":"standard","meta":{"_crdt_document":"","footnotes":""},"categories":[1],"tags":[],"class_list":["post-28818","post","type-post","status-publish","format-standard","has-post-thumbnail","hentry","category-guncel"],"_links":{"self":[{"href":"https:\/\/www.egemtv.com\/index.php?rest_route=\/wp\/v2\/posts\/28818","targetHints":{"allow":["GET"]}}],"collection":[{"href":"https:\/\/www.egemtv.com\/index.php?rest_route=\/wp\/v2\/posts"}],"about":[{"href":"https:\/\/www.egemtv.com\/index.php?rest_route=\/wp\/v2\/types\/post"}],"author":[{"embeddable":true,"href":"https:\/\/www.egemtv.com\/index.php?rest_route=\/wp\/v2\/users\/1"}],"replies":[{"embeddable":true,"href":"https:\/\/www.egemtv.com\/index.php?rest_route=%2Fwp%2Fv2%2Fcomments&post=28818"}],"version-history":[{"count":1,"href":"https:\/\/www.egemtv.com\/index.php?rest_route=\/wp\/v2\/posts\/28818\/revisions"}],"predecessor-version":[{"id":28820,"href":"https:\/\/www.egemtv.com\/index.php?rest_route=\/wp\/v2\/posts\/28818\/revisions\/28820"}],"wp:featuredmedia":[{"embeddable":true,"href":"https:\/\/www.egemtv.com\/index.php?rest_route=\/wp\/v2\/media\/28819"}],"wp:attachment":[{"href":"https:\/\/www.egemtv.com\/index.php?rest_route=%2Fwp%2Fv2%2Fmedia&parent=28818"}],"wp:term":[{"taxonomy":"category","embeddable":true,"href":"https:\/\/www.egemtv.com\/index.php?rest_route=%2Fwp%2Fv2%2Fcategories&post=28818"},{"taxonomy":"post_tag","embeddable":true,"href":"https:\/\/www.egemtv.com\/index.php?rest_route=%2Fwp%2Fv2%2Ftags&post=28818"}],"curies":[{"name":"wp","href":"https:\/\/api.w.org\/{rel}","templated":true}]}}