{"id":28815,"date":"2025-05-15T08:14:50","date_gmt":"2025-05-15T05:14:50","guid":{"rendered":"https:\/\/www.egemtv.com\/?p=28815"},"modified":"2025-05-15T08:14:54","modified_gmt":"2025-05-15T05:14:54","slug":"vali-akbiyik-fethiye-gocek-koylarinda-incelemelerde-bulundu","status":"publish","type":"post","link":"https:\/\/www.egemtv.com\/?p=28815","title":{"rendered":"Vali Akb\u0131y\u0131k Fethiye-G\u00f6cek koylar\u0131nda incelemelerde bulundu"},"content":{"rendered":"<p>Mu\u011fla Valisi Dr. \u0130dris Akb\u0131y\u0131k, yat turizmi ile \u00fcnl\u00fc ve mavi yolculuk tutkunlar\u0131n\u0131n vazge\u00e7ilmez rotalar\u0131ndan biri olarak \u00f6ne \u00e7\u0131kan Fethiye ve G\u00f6cek Koylar\u0131nda Sahil G\u00fcvenlik botu ile incelemelerde bulundu.<br \/>\n<br \/>Fethiye ve G\u00f6cek koylar\u0131n\u0131n yan\u0131 s\u0131ra mavi yolculuk rotalar\u0131nda da incelemelerde bulunan Vali Akb\u0131y\u0131k, marina ve \u00e7ekek yerlerinin durumu hakk\u0131nda da bilgi ald\u0131. Mu\u011fla\u2019n\u0131n \u00fclkemizin deniz turizmindeki en \u00f6nemli, d\u00fcnyan\u0131n da say\u0131l\u0131 merkezlerinden oldu\u011funu s\u00f6yleyen Vali Dr. \u0130dris Akb\u0131y\u0131k, do\u011fal g\u00fczellikleri, e\u015fsiz koylar\u0131, marina imk\u00e2nlar\u0131 ile Mu\u011fla\u2019n\u0131n bir\u00e7ok yerli ve yabanc\u0131 turist ve denizcinin se\u00e7kin dura\u011f\u0131 oldu\u011funu s\u00f6yledi.<br \/>\n<br \/>Vali Akb\u0131y\u0131k\u2019\u0131n Fethiye-G\u00f6cek koylar\u0131ndaki incelemelerinde Fethiye Kaymakam\u0131 \u0130smail Hakk\u0131 Erta\u015f, Fethiye Adalet Komisyonu Ba\u015fkan\u0131 Erdem O\u011fuz \u00d6zer, Fethiye Ba\u015fsavc\u0131s\u0131 G\u00fcn\u015fafak Karart\u0131, Ba\u015f M\u00fcfetti\u015f Abdulhalim Sa\u011flam ve M\u00fcfetti\u015f Zafer Turan e\u015flik etti.<br \/><\/p>\n","protected":false},"excerpt":{"rendered":"<p>Mu\u011fla Valisi Dr. \u0130dris Akb\u0131y\u0131k, yat turizmi ile \u00fcnl\u00fc ve mavi yolculuk tutkunlar\u0131n\u0131n vazge\u00e7ilmez rotalar\u0131ndan biri olarak \u00f6ne \u00e7\u0131kan Fethiye ve G\u00f6cek Koylar\u0131nda Sahil G\u00fcvenlik botu ile incelemelerde bulundu. Fethiye ve G\u00f6cek koylar\u0131n\u0131n yan\u0131 s\u0131ra mavi yolculuk rotalar\u0131nda da incelemelerde bulunan Vali Akb\u0131y\u0131k, marina ve \u00e7ekek yerlerinin durumu hakk\u0131nda da bilgi ald\u0131. Mu\u011fla\u2019n\u0131n \u00fclkemizin deniz&#8230;<\/p>\n","protected":false},"author":1,"featured_media":28816,"comment_status":"open","ping_status":"open","sticky":false,"template":"","format":"standard","meta":{"_crdt_document":"","footnotes":""},"categories":[1],"tags":[],"class_list":["post-28815","post","type-post","status-publish","format-standard","has-post-thumbnail","hentry","category-guncel"],"_links":{"self":[{"href":"https:\/\/www.egemtv.com\/index.php?rest_route=\/wp\/v2\/posts\/28815","targetHints":{"allow":["GET"]}}],"collection":[{"href":"https:\/\/www.egemtv.com\/index.php?rest_route=\/wp\/v2\/posts"}],"about":[{"href":"https:\/\/www.egemtv.com\/index.php?rest_route=\/wp\/v2\/types\/post"}],"author":[{"embeddable":true,"href":"https:\/\/www.egemtv.com\/index.php?rest_route=\/wp\/v2\/users\/1"}],"replies":[{"embeddable":true,"href":"https:\/\/www.egemtv.com\/index.php?rest_route=%2Fwp%2Fv2%2Fcomments&post=28815"}],"version-history":[{"count":1,"href":"https:\/\/www.egemtv.com\/index.php?rest_route=\/wp\/v2\/posts\/28815\/revisions"}],"predecessor-version":[{"id":28817,"href":"https:\/\/www.egemtv.com\/index.php?rest_route=\/wp\/v2\/posts\/28815\/revisions\/28817"}],"wp:featuredmedia":[{"embeddable":true,"href":"https:\/\/www.egemtv.com\/index.php?rest_route=\/wp\/v2\/media\/28816"}],"wp:attachment":[{"href":"https:\/\/www.egemtv.com\/index.php?rest_route=%2Fwp%2Fv2%2Fmedia&parent=28815"}],"wp:term":[{"taxonomy":"category","embeddable":true,"href":"https:\/\/www.egemtv.com\/index.php?rest_route=%2Fwp%2Fv2%2Fcategories&post=28815"},{"taxonomy":"post_tag","embeddable":true,"href":"https:\/\/www.egemtv.com\/index.php?rest_route=%2Fwp%2Fv2%2Ftags&post=28815"}],"curies":[{"name":"wp","href":"https:\/\/api.w.org\/{rel}","templated":true}]}}