{"id":28809,"date":"2025-05-14T22:37:09","date_gmt":"2025-05-14T19:37:09","guid":{"rendered":"https:\/\/www.egemtv.com\/?p=28809"},"modified":"2025-05-14T22:37:17","modified_gmt":"2025-05-14T19:37:17","slug":"koycegizde-sazlik-alanda-yangin-cikti","status":"publish","type":"post","link":"https:\/\/www.egemtv.com\/?p=28809","title":{"rendered":"K\u00f6yce\u011fiz\u2019de sazl\u0131k alanda yang\u0131n \u00e7\u0131kt\u0131"},"content":{"rendered":"<p>Mu\u011fla\u2019n\u0131n K\u00f6yce\u011fiz il\u00e7esine ba\u011fl\u0131 Hamitk\u00f6y Mahallesi\u2019nde bulunan sazl\u0131k alanda, hen\u00fcz belirlenemeyen bir nedenle yang\u0131n \u00e7\u0131kt\u0131. Yang\u0131na m\u00fcdahale i\u00e7in Mu\u011fla B\u00fcy\u00fck\u015fehir Belediyesi K\u00f6yce\u011fiz \u0130tfaiye Amirli\u011fi ekipleri ile Mu\u011fla Orman B\u00f6lge M\u00fcd\u00fcrl\u00fc\u011f\u00fc\u2019ne ba\u011fl\u0131 ara\u00e7lar b\u00f6lgeye sevk edildi.<br \/>\n<br \/>Yang\u0131n\u0131n sazl\u0131k alanda ba\u015flamas\u0131 nedeniyle ekipler, alevlerin ormanl\u0131k alana s\u0131\u00e7rama riskine kar\u015f\u0131 b\u00f6lgede \u00f6nlem ald\u0131. Yang\u0131n\u0131n kontrol alt\u0131na al\u0131nabilmesi i\u00e7in ekipler n\u00f6bet tutarken, havan\u0131n kararmas\u0131 ve r\u00fczgar\u0131n da etkili olmas\u0131 nedeniyle yang\u0131n devam ediyor.<br \/>\n<br \/>Yang\u0131n\u0131n \u00e7\u0131k\u0131\u015f nedenine ili\u015fkin inceleme s\u00fcr\u00fcyor.<br \/><\/p>\n","protected":false},"excerpt":{"rendered":"<p>Mu\u011fla\u2019n\u0131n K\u00f6yce\u011fiz il\u00e7esine ba\u011fl\u0131 Hamitk\u00f6y Mahallesi\u2019nde bulunan sazl\u0131k alanda, hen\u00fcz belirlenemeyen bir nedenle yang\u0131n \u00e7\u0131kt\u0131. Yang\u0131na m\u00fcdahale i\u00e7in Mu\u011fla B\u00fcy\u00fck\u015fehir Belediyesi K\u00f6yce\u011fiz \u0130tfaiye Amirli\u011fi ekipleri ile Mu\u011fla Orman B\u00f6lge M\u00fcd\u00fcrl\u00fc\u011f\u00fc\u2019ne ba\u011fl\u0131 ara\u00e7lar b\u00f6lgeye sevk edildi. Yang\u0131n\u0131n sazl\u0131k alanda ba\u015flamas\u0131 nedeniyle ekipler, alevlerin ormanl\u0131k alana s\u0131\u00e7rama riskine kar\u015f\u0131 b\u00f6lgede \u00f6nlem ald\u0131. Yang\u0131n\u0131n kontrol alt\u0131na al\u0131nabilmesi i\u00e7in&#8230;<\/p>\n","protected":false},"author":1,"featured_media":28810,"comment_status":"open","ping_status":"open","sticky":false,"template":"","format":"standard","meta":{"_crdt_document":"","footnotes":""},"categories":[5],"tags":[],"class_list":["post-28809","post","type-post","status-publish","format-standard","has-post-thumbnail","hentry","category-asayis"],"_links":{"self":[{"href":"https:\/\/www.egemtv.com\/index.php?rest_route=\/wp\/v2\/posts\/28809","targetHints":{"allow":["GET"]}}],"collection":[{"href":"https:\/\/www.egemtv.com\/index.php?rest_route=\/wp\/v2\/posts"}],"about":[{"href":"https:\/\/www.egemtv.com\/index.php?rest_route=\/wp\/v2\/types\/post"}],"author":[{"embeddable":true,"href":"https:\/\/www.egemtv.com\/index.php?rest_route=\/wp\/v2\/users\/1"}],"replies":[{"embeddable":true,"href":"https:\/\/www.egemtv.com\/index.php?rest_route=%2Fwp%2Fv2%2Fcomments&post=28809"}],"version-history":[{"count":1,"href":"https:\/\/www.egemtv.com\/index.php?rest_route=\/wp\/v2\/posts\/28809\/revisions"}],"predecessor-version":[{"id":28811,"href":"https:\/\/www.egemtv.com\/index.php?rest_route=\/wp\/v2\/posts\/28809\/revisions\/28811"}],"wp:featuredmedia":[{"embeddable":true,"href":"https:\/\/www.egemtv.com\/index.php?rest_route=\/wp\/v2\/media\/28810"}],"wp:attachment":[{"href":"https:\/\/www.egemtv.com\/index.php?rest_route=%2Fwp%2Fv2%2Fmedia&parent=28809"}],"wp:term":[{"taxonomy":"category","embeddable":true,"href":"https:\/\/www.egemtv.com\/index.php?rest_route=%2Fwp%2Fv2%2Fcategories&post=28809"},{"taxonomy":"post_tag","embeddable":true,"href":"https:\/\/www.egemtv.com\/index.php?rest_route=%2Fwp%2Fv2%2Ftags&post=28809"}],"curies":[{"name":"wp","href":"https:\/\/api.w.org\/{rel}","templated":true}]}}