{"id":28806,"date":"2025-05-14T22:37:04","date_gmt":"2025-05-14T19:37:04","guid":{"rendered":"https:\/\/www.egemtv.com\/?p=28806"},"modified":"2025-05-14T22:37:09","modified_gmt":"2025-05-14T19:37:09","slug":"artezyen-kuyusuna-dusen-hurdaci-hayatini-kaybetti","status":"publish","type":"post","link":"https:\/\/www.egemtv.com\/?p=28806","title":{"rendered":"Artezyen kuyusuna d\u00fc\u015fen hurdac\u0131 hayat\u0131n\u0131 kaybetti"},"content":{"rendered":"<p>\u0130zmir\u2019in Bayrakl\u0131 il\u00e7esinde demir toplamak i\u00e7in at\u0131l bir in\u015faata giren hurdac\u0131, artezyen kuyusuna d\u00fc\u015ferek hayat\u0131n\u0131 kaybetti.<br \/>\n<br \/>Olay, saat 18.30 s\u0131ralar\u0131nda Adalet Mahallesi Haydar Aliyev Caddesi\u2019nde bulunan at\u0131l bir in\u015faat alan\u0131nda meydana geldi. Edinilen bilgiye g\u00f6re, hurdac\u0131l\u0131k yapt\u0131\u011f\u0131 \u00f6\u011frenilen Murat Y\u0131lmaz (35), in\u015faata girdikten k\u0131sa bir s\u00fcre sonra su dolu artezyen kuyusuna d\u00fc\u015ft\u00fc. \u00c7evredekilerin durumu bildirmesi \u00fczerine b\u00f6lgeye AFAD, itfaiye, sa\u011fl\u0131k ve polis ekipleri sevk edildi. B\u00f6lge g\u00fcvenlik \u00e7emberine al\u0131n\u0131rken kurtarma ekipleri su dolu kuyuya d\u00fc\u015fen Y\u0131lmaz\u2019\u0131 \u00e7\u0131kartt\u0131. Sa\u011fl\u0131k ekipleri taraf\u0131ndan yap\u0131lan kontrolde Murat Y\u0131lmaz\u2019\u0131n hayat\u0131n\u0131 kaybetti\u011fi belirlendi. Talihsiz adam\u0131n cans\u0131z bedeni, yap\u0131lan incelemenin ard\u0131ndan \u0130zmir Adli T\u0131p Kurumu morguna kald\u0131r\u0131ld\u0131.<br \/>\n<br \/>Olayla ilgili ba\u015flat\u0131lan soru\u015fturma s\u00fcr\u00fcyor.<br \/><\/p>\n","protected":false},"excerpt":{"rendered":"<p>\u0130zmir\u2019in Bayrakl\u0131 il\u00e7esinde demir toplamak i\u00e7in at\u0131l bir in\u015faata giren hurdac\u0131, artezyen kuyusuna d\u00fc\u015ferek hayat\u0131n\u0131 kaybetti. Olay, saat 18.30 s\u0131ralar\u0131nda Adalet Mahallesi Haydar Aliyev Caddesi\u2019nde bulunan at\u0131l bir in\u015faat alan\u0131nda meydana geldi. Edinilen bilgiye g\u00f6re, hurdac\u0131l\u0131k yapt\u0131\u011f\u0131 \u00f6\u011frenilen Murat Y\u0131lmaz (35), in\u015faata girdikten k\u0131sa bir s\u00fcre sonra su dolu artezyen kuyusuna d\u00fc\u015ft\u00fc. \u00c7evredekilerin durumu bildirmesi&#8230;<\/p>\n","protected":false},"author":1,"featured_media":28807,"comment_status":"open","ping_status":"open","sticky":false,"template":"","format":"standard","meta":{"_crdt_document":"","footnotes":""},"categories":[5],"tags":[],"class_list":["post-28806","post","type-post","status-publish","format-standard","has-post-thumbnail","hentry","category-asayis"],"_links":{"self":[{"href":"https:\/\/www.egemtv.com\/index.php?rest_route=\/wp\/v2\/posts\/28806","targetHints":{"allow":["GET"]}}],"collection":[{"href":"https:\/\/www.egemtv.com\/index.php?rest_route=\/wp\/v2\/posts"}],"about":[{"href":"https:\/\/www.egemtv.com\/index.php?rest_route=\/wp\/v2\/types\/post"}],"author":[{"embeddable":true,"href":"https:\/\/www.egemtv.com\/index.php?rest_route=\/wp\/v2\/users\/1"}],"replies":[{"embeddable":true,"href":"https:\/\/www.egemtv.com\/index.php?rest_route=%2Fwp%2Fv2%2Fcomments&post=28806"}],"version-history":[{"count":1,"href":"https:\/\/www.egemtv.com\/index.php?rest_route=\/wp\/v2\/posts\/28806\/revisions"}],"predecessor-version":[{"id":28808,"href":"https:\/\/www.egemtv.com\/index.php?rest_route=\/wp\/v2\/posts\/28806\/revisions\/28808"}],"wp:featuredmedia":[{"embeddable":true,"href":"https:\/\/www.egemtv.com\/index.php?rest_route=\/wp\/v2\/media\/28807"}],"wp:attachment":[{"href":"https:\/\/www.egemtv.com\/index.php?rest_route=%2Fwp%2Fv2%2Fmedia&parent=28806"}],"wp:term":[{"taxonomy":"category","embeddable":true,"href":"https:\/\/www.egemtv.com\/index.php?rest_route=%2Fwp%2Fv2%2Fcategories&post=28806"},{"taxonomy":"post_tag","embeddable":true,"href":"https:\/\/www.egemtv.com\/index.php?rest_route=%2Fwp%2Fv2%2Ftags&post=28806"}],"curies":[{"name":"wp","href":"https:\/\/api.w.org\/{rel}","templated":true}]}}